{"id":30862,"date":"2025-02-11T15:45:52","date_gmt":"2025-02-11T15:45:52","guid":{"rendered":"https:\/\/247stiri.ro\/index.php\/2025\/02\/11\/lasconi-sare-la-gatul-lui-clotilde-armand-incaierare-cu-amenintari-pe-linie-de-partid-intre-amazoanele-usr-iste\/"},"modified":"2025-02-11T15:45:52","modified_gmt":"2025-02-11T15:45:52","slug":"lasconi-sare-la-gatul-lui-clotilde-armand-incaierare-cu-amenintari-pe-linie-de-partid-intre-amazoanele-usr-iste","status":"publish","type":"post","link":"https:\/\/247stiri.ro\/index.php\/2025\/02\/11\/lasconi-sare-la-gatul-lui-clotilde-armand-incaierare-cu-amenintari-pe-linie-de-partid-intre-amazoanele-usr-iste\/","title":{"rendered":"Lasconi sare la g\u00e2tul lui Clotilde Armand. \u00cenc\u0103ierare cu amenin\u021b\u0103ri pe linie de partid \u00eentre amazoanele USR-iste"},"content":{"rendered":"<p>&#8222;Doamna Clotilde Armand, nu reprezint\u0103 interes pentru mine \u0219i voi cere excluderea ei \u00een comitet politic\u201d, a transmis Elena Lasconi jurnali\u0219tilor, c\u00e2nd a fost \u00eentrebat\u0103 despre r\u0103zboiul taberelor din partidul rezi\u0219tilor \u0219i pozi\u021bionarea fostei prim\u0103ri\u021be de partea lui Nicu\u0219or Dan.<\/p>\n<p>\u00centrebat\u0103 de ce vrea s\u0103 o exclud\u0103 pe Clotilde Armand din USR, aceasta a r\u0103spuns: \u201ePentru c\u0103 \u00eencearc\u0103 s\u0103 saboteze campania electoral\u0103 \u0219i pentru c\u0103 nu mi se pare fair-play din partea unui coleg s\u0103 fac\u0103 asta\u201d.<\/p>\n<p>Lasconi a fost \u00eentrebat\u0103 dac\u0103 cere excluderea tuturor celor care sunt \u00eempotriva ei, iar ea a replicat: \u201eNu. Doar a acestei doamne\u201d.<\/p>\n<p><a href=\"https:\/\/www.realitatea.net\/stiri\/actual\/scandal-urias-si-demisii-in-tabara-rezistilor-dupa-ce-elena-lasconi-la-comparat-pe-nicusor-dan-cu-calin-georgescu_67a83ef95bc9bc3d694831e4#google_vignette\" target=\"_blank\">Scandal uria\u0219 \u0219i demisii \u00een tab\u0103ra rezi\u0219tilor dup\u0103 ce Elena Lasconi l-a comparat pe Nicu\u0219or Dan cu C\u0103lin Georgescu<\/a><\/p>\n<p>\u00a0<\/p>\n<p>\u00a0<\/p>\n<p>\u00a0<\/p>","protected":false},"excerpt":{"rendered":"<p>&#8222;Doamna Clotilde Armand, nu reprezint\u0103 interes pentru mine \u0219i voi cere excluderea ei \u00een comitet&hellip;<\/p>\n","protected":false},"author":0,"featured_media":30855,"comment_status":"open","ping_status":"open","sticky":false,"template":"","format":"standard","meta":{"footnotes":""},"categories":[2],"tags":[],"class_list":["post-30862","post","type-post","status-publish","format-standard","has-post-thumbnail","hentry","category-actual"],"_links":{"self":[{"href":"https:\/\/247stiri.ro\/index.php\/wp-json\/wp\/v2\/posts\/30862","targetHints":{"allow":["GET"]}}],"collection":[{"href":"https:\/\/247stiri.ro\/index.php\/wp-json\/wp\/v2\/posts"}],"about":[{"href":"https:\/\/247stiri.ro\/index.php\/wp-json\/wp\/v2\/types\/post"}],"replies":[{"embeddable":true,"href":"https:\/\/247stiri.ro\/index.php\/wp-json\/wp\/v2\/comments?post=30862"}],"version-history":[{"count":0,"href":"https:\/\/247stiri.ro\/index.php\/wp-json\/wp\/v2\/posts\/30862\/revisions"}],"wp:featuredmedia":[{"embeddable":true,"href":"https:\/\/247stiri.ro\/index.php\/wp-json\/wp\/v2\/media\/30855"}],"wp:attachment":[{"href":"https:\/\/247stiri.ro\/index.php\/wp-json\/wp\/v2\/media?parent=30862"}],"wp:term":[{"taxonomy":"category","embeddable":true,"href":"https:\/\/247stiri.ro\/index.php\/wp-json\/wp\/v2\/categories?post=30862"},{"taxonomy":"post_tag","embeddable":true,"href":"https:\/\/247stiri.ro\/index.php\/wp-json\/wp\/v2\/tags?post=30862"}],"curies":[{"name":"wp","href":"https:\/\/api.w.org\/{rel}","templated":true}]}}