{"id":30902,"date":"2025-02-11T17:46:13","date_gmt":"2025-02-11T17:46:13","guid":{"rendered":"https:\/\/247stiri.ro\/index.php\/2025\/02\/11\/euroins-oficial-in-faliment-curtea-de-apel-a-respins-ultima-cale-de-atac-a-companiei-care-a-provocat-un-cutremur-pe-piata-rca\/"},"modified":"2025-02-11T17:46:13","modified_gmt":"2025-02-11T17:46:13","slug":"euroins-oficial-in-faliment-curtea-de-apel-a-respins-ultima-cale-de-atac-a-companiei-care-a-provocat-un-cutremur-pe-piata-rca","status":"publish","type":"post","link":"https:\/\/247stiri.ro\/index.php\/2025\/02\/11\/euroins-oficial-in-faliment-curtea-de-apel-a-respins-ultima-cale-de-atac-a-companiei-care-a-provocat-un-cutremur-pe-piata-rca\/","title":{"rendered":"EUROINS, oficial \u00een faliment. Curtea de Apel a respins ultima cale de atac a companiei care a provocat un cutremur pe pia\u021ba RCA"},"content":{"rendered":"<p>ASF transmite c\u0103 a luat act de hot\u0103r\u00e2rea Cur\u021bii de Apel Bucure\u0219ti, care a respins mar\u021bi apelul formulat de Euroins Rom\u00e2nia Asigurare-Reasigurare S.A. \u00eempotriva Hot\u0103r\u00e2rii nr. 2920\/9.06.2023, pronun\u021bat\u0103 de Tribunalul Bucure\u0219ti \u00een dosarul nr. 8813\/3\/2023, prin care s-a dispus deschiderea procedurii falimentului acestei societ\u0103\u021bi.<\/p>\n<p>Decizia instan\u021bei este definitiv\u0103.<\/p>\n<p>Consiliul a mai hot\u0103r\u00e2t la acea dat\u0103 promovarea de c\u0103tre ASF a unei cereri pentru deschiderea procedurii de faliment a companiei.<\/p>\n<p>Euroins Rom\u00e2nia a primit decizia ASF de a i se retrage autoriza\u0163ia de func\u0163ionare \u015fi s-a demarat procedura de promovare a cererii de deschidere a falimentului \u00eempotriva societ\u0103\u0163ii pe data de 17 martie 2023.<\/p>\n<p>Ulterior, Tribunalul Bucure\u015fti a confirmat insolven\u0163a Euroins \u015fi a hot\u0103r\u00e2t s\u0103 deschid\u0103 procedura falimentului societ\u0103\u0163ii de asigurare, dup\u0103 ce Curtea de Apel Bucure\u015fti a respins, \u00een dou\u0103 r\u00e2nduri, solicitarea companiei de a suspenda aplicarea deciziei ASF.<\/p>","protected":false},"excerpt":{"rendered":"<p>ASF transmite c\u0103 a luat act de hot\u0103r\u00e2rea Cur\u021bii de Apel Bucure\u0219ti, care a respins&hellip;<\/p>\n","protected":false},"author":0,"featured_media":30903,"comment_status":"open","ping_status":"open","sticky":false,"template":"","format":"standard","meta":{"footnotes":""},"categories":[2],"tags":[],"class_list":["post-30902","post","type-post","status-publish","format-standard","has-post-thumbnail","hentry","category-actual"],"_links":{"self":[{"href":"https:\/\/247stiri.ro\/index.php\/wp-json\/wp\/v2\/posts\/30902","targetHints":{"allow":["GET"]}}],"collection":[{"href":"https:\/\/247stiri.ro\/index.php\/wp-json\/wp\/v2\/posts"}],"about":[{"href":"https:\/\/247stiri.ro\/index.php\/wp-json\/wp\/v2\/types\/post"}],"replies":[{"embeddable":true,"href":"https:\/\/247stiri.ro\/index.php\/wp-json\/wp\/v2\/comments?post=30902"}],"version-history":[{"count":0,"href":"https:\/\/247stiri.ro\/index.php\/wp-json\/wp\/v2\/posts\/30902\/revisions"}],"wp:featuredmedia":[{"embeddable":true,"href":"https:\/\/247stiri.ro\/index.php\/wp-json\/wp\/v2\/media\/30903"}],"wp:attachment":[{"href":"https:\/\/247stiri.ro\/index.php\/wp-json\/wp\/v2\/media?parent=30902"}],"wp:term":[{"taxonomy":"category","embeddable":true,"href":"https:\/\/247stiri.ro\/index.php\/wp-json\/wp\/v2\/categories?post=30902"},{"taxonomy":"post_tag","embeddable":true,"href":"https:\/\/247stiri.ro\/index.php\/wp-json\/wp\/v2\/tags?post=30902"}],"curies":[{"name":"wp","href":"https:\/\/api.w.org\/{rel}","templated":true}]}}