{"id":30906,"date":"2025-02-11T17:46:15","date_gmt":"2025-02-11T17:46:15","guid":{"rendered":"https:\/\/247stiri.ro\/index.php\/2025\/02\/11\/pnl-si-a-ales-noul-presedinte-interimar-cu-unanimitate-de-voturi-cine-ii-ia-locul-lui-ilie-bolojan\/"},"modified":"2025-02-11T17:46:15","modified_gmt":"2025-02-11T17:46:15","slug":"pnl-si-a-ales-noul-presedinte-interimar-cu-unanimitate-de-voturi-cine-ii-ia-locul-lui-ilie-bolojan","status":"publish","type":"post","link":"https:\/\/247stiri.ro\/index.php\/2025\/02\/11\/pnl-si-a-ales-noul-presedinte-interimar-cu-unanimitate-de-voturi-cine-ii-ia-locul-lui-ilie-bolojan\/","title":{"rendered":"PNL \u0219i-a ales noul pre\u0219edinte interimar, cu unanimitate de voturi. Cine \u00eei ia locul lui Ilie Bolojan"},"content":{"rendered":"<p>C\u0103t\u0103lin Predoiu a fost votat \u00een unanimitate \u00een \u0219edin\u021ba de Biroului Politic Na\u021bional de mar\u021bi seara. Acesta va ocupa func\u021bia de pre\u0219edinte interimar a partidului. Numirea vine \u00een condi\u021biile \u00een care Ilie Bolojan, cel care de\u021binea p\u00e2n\u0103 acum conducerea forma\u021biunii politice trebuie s\u0103 plece din aceast\u0103 func\u021bie pentru c\u0103 va deveni pre\u0219edintele interimar al \u021b\u0103rii.<\/p>\n<p>Miercuri Ilie Bolojan va ajunge la Palatul Cotroceni pentru a prelua func\u021bia de \u0219ef interimar al statului, dup\u0103 ceremonia oficial\u0103 de plecare a lui Klaus Iohannis. Ceremonia de \u00eencheiere a mandatului lui Iohannis are loc miercuri, la ora 12,00, la Palatul Cotroceni, pe Platoul Marinescu, potrivit Administra\u021biei Preziden\u021biale.<\/p>\n<p>La \u0219edin\u021ba de ieri a liberalilor au existat \u0219i alte propuneri printre care inclusiv numele candidatul comun al coali\u021biei pentru alegerile preziden\u021biale din mai, Crin Antonescu.<\/p>\n<p><a title=\"Este oficial! Hotararea CCR privind vacantarea functiei de presedinte al Romaniei a fost publicata in Monitorul Oficial\" href=\"https:\/\/www.realitatea.net\/stiri\/actual\/este-oficial-hotararea-ccr-privind-vacantarea-functiei-de-presedinte-al-romaniei-a-fost-publicata-in-monitorul-oficial_67ab7e0da7e209223731201e\">Este oficial! Hot\u0103r\u00e2rea CCR privind vacantarea func\u021biei de pre\u0219edinte al Rom\u00e2niei a fost publicat\u0103 \u00een Monitorul Oficial<\/a><\/p>","protected":false},"excerpt":{"rendered":"<p>C\u0103t\u0103lin Predoiu a fost votat \u00een unanimitate \u00een \u0219edin\u021ba de Biroului Politic Na\u021bional de mar\u021bi&hellip;<\/p>\n","protected":false},"author":0,"featured_media":30901,"comment_status":"open","ping_status":"open","sticky":false,"template":"","format":"standard","meta":{"footnotes":""},"categories":[2],"tags":[],"class_list":["post-30906","post","type-post","status-publish","format-standard","has-post-thumbnail","hentry","category-actual"],"_links":{"self":[{"href":"https:\/\/247stiri.ro\/index.php\/wp-json\/wp\/v2\/posts\/30906","targetHints":{"allow":["GET"]}}],"collection":[{"href":"https:\/\/247stiri.ro\/index.php\/wp-json\/wp\/v2\/posts"}],"about":[{"href":"https:\/\/247stiri.ro\/index.php\/wp-json\/wp\/v2\/types\/post"}],"replies":[{"embeddable":true,"href":"https:\/\/247stiri.ro\/index.php\/wp-json\/wp\/v2\/comments?post=30906"}],"version-history":[{"count":0,"href":"https:\/\/247stiri.ro\/index.php\/wp-json\/wp\/v2\/posts\/30906\/revisions"}],"wp:featuredmedia":[{"embeddable":true,"href":"https:\/\/247stiri.ro\/index.php\/wp-json\/wp\/v2\/media\/30901"}],"wp:attachment":[{"href":"https:\/\/247stiri.ro\/index.php\/wp-json\/wp\/v2\/media?parent=30906"}],"wp:term":[{"taxonomy":"category","embeddable":true,"href":"https:\/\/247stiri.ro\/index.php\/wp-json\/wp\/v2\/categories?post=30906"},{"taxonomy":"post_tag","embeddable":true,"href":"https:\/\/247stiri.ro\/index.php\/wp-json\/wp\/v2\/tags?post=30906"}],"curies":[{"name":"wp","href":"https:\/\/api.w.org\/{rel}","templated":true}]}}