{"id":30907,"date":"2025-02-11T17:46:15","date_gmt":"2025-02-11T17:46:15","guid":{"rendered":"https:\/\/247stiri.ro\/index.php\/2025\/02\/11\/george-simion-vrea-sai-lase-pe-magistratii-ccr-fara-decoratiile-acordate-de-faraonul-iohannis-pe-ultima-suta-de-metri\/"},"modified":"2025-02-11T17:46:15","modified_gmt":"2025-02-11T17:46:15","slug":"george-simion-vrea-sai-lase-pe-magistratii-ccr-fara-decoratiile-acordate-de-faraonul-iohannis-pe-ultima-suta-de-metri","status":"publish","type":"post","link":"https:\/\/247stiri.ro\/index.php\/2025\/02\/11\/george-simion-vrea-sai-lase-pe-magistratii-ccr-fara-decoratiile-acordate-de-faraonul-iohannis-pe-ultima-suta-de-metri\/","title":{"rendered":"George Simion vrea s\u0103i lase pe magistra\u021bii CCR f\u0103r\u0103 decora\u021biile acordate de faraonul Iohannis pe ultima sut\u0103 de metri"},"content":{"rendered":"<p>Propunerea vine pe fondul controverselor legate de decora\u021biile recente oferite de Klaus Iohannis. \u00cen decembrie 2024, Iohannis a semnat un decret prin care a acordat Ordinul Na\u021bional \u201eSteaua Rom\u00e2niei\u201d \u00een grad de Cavaler unor judec\u0103tori ai Cur\u021bii Constitu\u021bionale, inclusiv pre\u0219edintelui Marian Enache \u0219i judec\u0103torilor Livia Stanciu \u0219i Attila Varga.<\/p>\n<p>\u00a0\u00a0George Simion a subliniat c\u0103 este nevoie de o reevaluare a tuturor persoanelor decorate de fostul pre\u0219edinte, acuz\u00e2ndu-l pe Klaus Iohannis c\u0103 a \u201epremiat tr\u0103d\u0103torii care au slujit interesele celor de afar\u0103\u201d. \u00cen context, liderul AUR a afirmat c\u0103 o asemenea ini\u021biativ\u0103 este esen\u021bial\u0103 pentru a restabili demnitatea na\u021bional\u0103.<\/p>\n<p>Controversele privind Curtea Constitu\u021bional\u0103 au fost amplificate recent dup\u0103 ce, pe 6 decembrie 2024, CCR a anulat rezultatul alegerilor preziden\u021biale, invoc\u00e2nd grave nereguli \u0219i distorsionarea procesului electoral. Decizia a fost luat\u0103 pe baza unor informa\u021bii declasificate dintr-o \u0219edin\u021b\u0103 CSAT, care au ar\u0103tat c\u0103 votul a fost viciat.<\/p>\n<p>Aceast\u0103 decizie a contribuit la criza politic\u0103 ce a urmat \u0219i la ascensiunea lui C\u0103lin Georgescu, sus\u021binut de AUR.<\/p>\n<p>\u00a0<\/p>","protected":false},"excerpt":{"rendered":"<p>Propunerea vine pe fondul controverselor legate de decora\u021biile recente oferite de Klaus Iohannis. \u00cen decembrie&hellip;<\/p>\n","protected":false},"author":0,"featured_media":30908,"comment_status":"open","ping_status":"open","sticky":false,"template":"","format":"standard","meta":{"footnotes":""},"categories":[2],"tags":[],"class_list":["post-30907","post","type-post","status-publish","format-standard","has-post-thumbnail","hentry","category-actual"],"_links":{"self":[{"href":"https:\/\/247stiri.ro\/index.php\/wp-json\/wp\/v2\/posts\/30907","targetHints":{"allow":["GET"]}}],"collection":[{"href":"https:\/\/247stiri.ro\/index.php\/wp-json\/wp\/v2\/posts"}],"about":[{"href":"https:\/\/247stiri.ro\/index.php\/wp-json\/wp\/v2\/types\/post"}],"replies":[{"embeddable":true,"href":"https:\/\/247stiri.ro\/index.php\/wp-json\/wp\/v2\/comments?post=30907"}],"version-history":[{"count":0,"href":"https:\/\/247stiri.ro\/index.php\/wp-json\/wp\/v2\/posts\/30907\/revisions"}],"wp:featuredmedia":[{"embeddable":true,"href":"https:\/\/247stiri.ro\/index.php\/wp-json\/wp\/v2\/media\/30908"}],"wp:attachment":[{"href":"https:\/\/247stiri.ro\/index.php\/wp-json\/wp\/v2\/media?parent=30907"}],"wp:term":[{"taxonomy":"category","embeddable":true,"href":"https:\/\/247stiri.ro\/index.php\/wp-json\/wp\/v2\/categories?post=30907"},{"taxonomy":"post_tag","embeddable":true,"href":"https:\/\/247stiri.ro\/index.php\/wp-json\/wp\/v2\/tags?post=30907"}],"curies":[{"name":"wp","href":"https:\/\/api.w.org\/{rel}","templated":true}]}}