{"id":30921,"date":"2025-02-11T18:45:15","date_gmt":"2025-02-11T18:45:15","guid":{"rendered":"https:\/\/247stiri.ro\/index.php\/2025\/02\/11\/diana-sosoaca-a-cerut-demisia-ursulei-von-der-leyen-si-il-da-exemplu-pe-nicolae-ceausescu\/"},"modified":"2025-02-11T18:45:15","modified_gmt":"2025-02-11T18:45:15","slug":"diana-sosoaca-a-cerut-demisia-ursulei-von-der-leyen-si-il-da-exemplu-pe-nicolae-ceausescu","status":"publish","type":"post","link":"https:\/\/247stiri.ro\/index.php\/2025\/02\/11\/diana-sosoaca-a-cerut-demisia-ursulei-von-der-leyen-si-il-da-exemplu-pe-nicolae-ceausescu\/","title":{"rendered":"Diana \u0218o\u0219oac\u0103 a cerut demisia Ursulei von der Leyen \u0219i \u00eel d\u0103 exemplu pe Nicolae Ceau\u0219escu"},"content":{"rendered":"<p>\u0218o\u0219oac\u0103 a acuzat-o pe von der Leyen c\u0103 \u201enu face dec\u00e2t s\u0103 ne pun\u0103 \u00een r\u0103zboi cu toat\u0103 lumea. \u0218i de aici, din Parlamentul European, cer demisia Ursulei von der Leyen.<\/p>\n<p>\u201e Vorbi\u021bi acum s\u0103 ap\u0103ra\u021bi cre\u0219tinii. Cum s\u0103 ap\u0103ra\u021bi cre\u0219tinii din \u021b\u0103rile arabe, c\u00e2nd dvs acuza\u021bi toate \u021b\u0103rile arabe, nu-i respecta\u021bi, nu-i cunoa\u0219te\u021bi nici pe per\u0219i, nici pe arabi, \u00eel discredita\u021bi pe Trump, \u00eel discredita\u021bi pe Putin, sunte\u021bi \u00een r\u0103zboi cu toat\u0103 lumea. Vre\u021bi strategii? V\u0103 dau un sfat: uita\u021bi-v\u0103 la politica lui Nicolae Ceau\u0219escu. Nimeni nu l-a egalat vreodat\u0103. Dictator, dictator, dar a avut cea mai bun\u0103 politic\u0103 extern\u0103, a reu\u0219it s\u0103 pun\u0103 la aceea\u0219i mas\u0103 Israelul cu Palestina \u0219i a adus pacea \u00een regiune.<\/p>\n<p>De aceea Comisia European\u0103 se pare c\u0103 nu este preg\u0103tit\u0103, dna Ursula von der Leyen nu face dec\u00e2t s\u0103 ne pun\u0103 \u00een r\u0103zboi cu toat\u0103 lumea. \u0218i de aici, din Parlamentul European, cer demisia Ursulei von der Leyen\u201d, a spus \u0218o\u0219oac\u0103 \u00een plenul Parlamentului European.<\/p>","protected":false},"excerpt":{"rendered":"<p>\u0218o\u0219oac\u0103 a acuzat-o pe von der Leyen c\u0103 \u201enu face dec\u00e2t s\u0103 ne pun\u0103 \u00een&hellip;<\/p>\n","protected":false},"author":0,"featured_media":30922,"comment_status":"open","ping_status":"open","sticky":false,"template":"","format":"standard","meta":{"footnotes":""},"categories":[2],"tags":[],"class_list":["post-30921","post","type-post","status-publish","format-standard","has-post-thumbnail","hentry","category-actual"],"_links":{"self":[{"href":"https:\/\/247stiri.ro\/index.php\/wp-json\/wp\/v2\/posts\/30921","targetHints":{"allow":["GET"]}}],"collection":[{"href":"https:\/\/247stiri.ro\/index.php\/wp-json\/wp\/v2\/posts"}],"about":[{"href":"https:\/\/247stiri.ro\/index.php\/wp-json\/wp\/v2\/types\/post"}],"replies":[{"embeddable":true,"href":"https:\/\/247stiri.ro\/index.php\/wp-json\/wp\/v2\/comments?post=30921"}],"version-history":[{"count":0,"href":"https:\/\/247stiri.ro\/index.php\/wp-json\/wp\/v2\/posts\/30921\/revisions"}],"wp:featuredmedia":[{"embeddable":true,"href":"https:\/\/247stiri.ro\/index.php\/wp-json\/wp\/v2\/media\/30922"}],"wp:attachment":[{"href":"https:\/\/247stiri.ro\/index.php\/wp-json\/wp\/v2\/media?parent=30921"}],"wp:term":[{"taxonomy":"category","embeddable":true,"href":"https:\/\/247stiri.ro\/index.php\/wp-json\/wp\/v2\/categories?post=30921"},{"taxonomy":"post_tag","embeddable":true,"href":"https:\/\/247stiri.ro\/index.php\/wp-json\/wp\/v2\/tags?post=30921"}],"curies":[{"name":"wp","href":"https:\/\/api.w.org\/{rel}","templated":true}]}}