{"id":31047,"date":"2025-02-12T08:44:47","date_gmt":"2025-02-12T08:44:47","guid":{"rendered":"https:\/\/247stiri.ro\/index.php\/2025\/02\/12\/o-familie-de-castori-a-reusit-in-doua-zile-ce-n-au-reusit-autoritatile-cehe-in-7-ani-oficial-este-vorba-despre-un-serviciu-complet\/"},"modified":"2025-02-12T08:44:47","modified_gmt":"2025-02-12T08:44:47","slug":"o-familie-de-castori-a-reusit-in-doua-zile-ce-n-au-reusit-autoritatile-cehe-in-7-ani-oficial-este-vorba-despre-un-serviciu-complet","status":"publish","type":"post","link":"https:\/\/247stiri.ro\/index.php\/2025\/02\/12\/o-familie-de-castori-a-reusit-in-doua-zile-ce-n-au-reusit-autoritatile-cehe-in-7-ani-oficial-este-vorba-despre-un-serviciu-complet\/","title":{"rendered":"O familie de castori a reu\u0219it \u00een dou\u0103 zile ce n-au reu\u0219it autorit\u0103\u021bile cehe \u00een 7 ani! Oficial: &#8222;Este vorba despre un serviciu complet&#8221;"},"content":{"rendered":"<p>Clasificat ca arie protejat\u0103 \u00een 2015, situl Brdy urma s\u0103 fie supus unor lucr\u0103ri de amenajare pentru a fi transformat \u00eentr-o zon\u0103 umed\u0103, dar o familie de <a href=\"https:\/\/www.realitatea.net\/stiri\/lumeaanimalelor\/castorii-revin-in-romania-dupa-mai-bine-de-un-secol_619604f9ed14356ecd2147e3\" target=\"_blank\">castori<\/a> a fost mai rapid\u0103. \u00cen plus, totul a fost f\u0103cut gratuit.\u00a0<\/p>\n<p>\u201eCastorii au construit o zon\u0103 umed\u0103 cu bazine \u0219i canale \u0219i au f\u0103cut acest lucru pe o suprafa\u021b\u0103 aproape de dou\u0103 ori mai mare dec\u00e2t cea prev\u0103zut\u0103 de noi\u201d, a dezv\u0103luit Bohumil Fiser.<\/p>\n<p>Simpaticele animale nu s-au oprit \u00eens\u0103 aici. Ele s-au mutat ulterior \u00eentr-un \u0219an\u021b din jurul iazurilor \u00een care ecologi\u0219tii doreau s\u0103 construiasc\u0103 mici baraje pentru a permite apei s\u0103 se scurg\u0103 \u0219i au construit cel pu\u021bin patru astfel de baraje cu din\u021bii lor.<\/p>\n<p>Ac\u021biunea castorilor a permis o economie de aproximativ 1,19 milioane de euro.<\/p>\n<p>\u201eEste vorba despre un serviciu complet, castorii sunt absolut fantastici \u0219i, atunci c\u00e2nd se afl\u0103 acolo, ei nu stric\u0103 nimic \u0219i fac o munc\u0103 remarcabil\u0103\u201d, a mai spus oficialul ceh.<\/p>\n<p>Fiind o zon\u0103 protejat\u0103, departe de terenuri agricole, speciali\u0219tii estimeaz\u0103 c\u0103 nu vor exista conflicte cu castorii \u00een urm\u0103torii zece ani.<\/p>\n<p>\u00a0<\/p>\n<p>\u00a0<\/p>","protected":false},"excerpt":{"rendered":"<p>Clasificat ca arie protejat\u0103 \u00een 2015, situl Brdy urma s\u0103 fie supus unor lucr\u0103ri de&hellip;<\/p>\n","protected":false},"author":0,"featured_media":31048,"comment_status":"open","ping_status":"open","sticky":false,"template":"","format":"standard","meta":{"footnotes":""},"categories":[8],"tags":[],"class_list":["post-31047","post","type-post","status-publish","format-standard","has-post-thumbnail","hentry","category-lifestyle"],"_links":{"self":[{"href":"https:\/\/247stiri.ro\/index.php\/wp-json\/wp\/v2\/posts\/31047","targetHints":{"allow":["GET"]}}],"collection":[{"href":"https:\/\/247stiri.ro\/index.php\/wp-json\/wp\/v2\/posts"}],"about":[{"href":"https:\/\/247stiri.ro\/index.php\/wp-json\/wp\/v2\/types\/post"}],"replies":[{"embeddable":true,"href":"https:\/\/247stiri.ro\/index.php\/wp-json\/wp\/v2\/comments?post=31047"}],"version-history":[{"count":0,"href":"https:\/\/247stiri.ro\/index.php\/wp-json\/wp\/v2\/posts\/31047\/revisions"}],"wp:featuredmedia":[{"embeddable":true,"href":"https:\/\/247stiri.ro\/index.php\/wp-json\/wp\/v2\/media\/31048"}],"wp:attachment":[{"href":"https:\/\/247stiri.ro\/index.php\/wp-json\/wp\/v2\/media?parent=31047"}],"wp:term":[{"taxonomy":"category","embeddable":true,"href":"https:\/\/247stiri.ro\/index.php\/wp-json\/wp\/v2\/categories?post=31047"},{"taxonomy":"post_tag","embeddable":true,"href":"https:\/\/247stiri.ro\/index.php\/wp-json\/wp\/v2\/tags?post=31047"}],"curies":[{"name":"wp","href":"https:\/\/api.w.org\/{rel}","templated":true}]}}