{"id":31053,"date":"2025-02-12T08:44:50","date_gmt":"2025-02-12T08:44:50","guid":{"rendered":"https:\/\/247stiri.ro\/index.php\/2025\/02\/12\/sedinta-de-urgenta-a-coalitiei-liderii-psd-pnl-udmr-discuta-cu-ilie-bolojan-la-discutii-ia-parte-si-crin-antonescu\/"},"modified":"2025-02-12T08:44:50","modified_gmt":"2025-02-12T08:44:50","slug":"sedinta-de-urgenta-a-coalitiei-liderii-psd-pnl-udmr-discuta-cu-ilie-bolojan-la-discutii-ia-parte-si-crin-antonescu","status":"publish","type":"post","link":"https:\/\/247stiri.ro\/index.php\/2025\/02\/12\/sedinta-de-urgenta-a-coalitiei-liderii-psd-pnl-udmr-discuta-cu-ilie-bolojan-la-discutii-ia-parte-si-crin-antonescu\/","title":{"rendered":"\u0218edin\u021ba de urgen\u021b\u0103 a Coali\u021biei. Liderii PSD-PNL-UDMR discut\u0103 cu Ilie Bolojan: la discu\u021bii ia parte \u0219i Crin Antonescu"},"content":{"rendered":"<p>O \u0219edin\u021b\u0103 \u00een desf\u0103\u0219urarea a liderilor Coali\u021biei de guvernare are loc miercuri diminea\u021b\u0103.<\/p>\n<p>Cu mai pu\u021bin de dou\u0103 ore r\u0103mase p\u00e2n\u0103 la ceremonia de la Cotroceni to\u021bi liderii Coali\u021biei s-au str\u00e2ns la Palatul Victoria s\u0103 discute despre viitorul Coali\u021biei de guvernare.\u00a0<\/p>\n<p>Exist\u0103 tensiuni foarte mari, dar \u0219i suspiciuni c\u0103 Ilie Bolojan, odat\u0103 ajuns la Cotroceni, \u0219i-ar dori s\u0103 intre \u00een cursa preziden\u021bial\u0103 ca s\u0103 r\u0103m\u00e2n\u0103 \u00een func\u021bia de \u0219ef al statului.\u00a0<\/p>\n<p>Este prima \u0219edin\u021b\u0103 a Coali\u021biei la care C\u0103t\u0103lin predoiu particip\u0103 \u00een calitate de pre\u0219edinte interimar al PNL.\u00a0<\/p>\n<p>La aceast\u0103 \u0219edin\u021b\u0103 particip\u0103, de asemenea, \u0219i candidatul comun al Coali\u021biei Crin Antonescu, dar \u0219i Ilie Bolojan &#8211; fostul pre\u0219edinte interimar al liberalilor, care s-a autosuspendat din func\u021bie tocmai pentru c\u0103 ast\u0103zi urmeaz\u0103 s\u0103 ajung\u0103 la Cotroceni, la ora 12.00, s\u0103 \u00ee\u0219i preia interimatul. Sunt, practic, ultimele discu\u021bii \u00eentre Ilie Bolojan \u0219i reprezentan\u021bii Coali\u021biei din aceast\u0103 postur\u0103, \u00eenainte de instalarea sa ca pre\u0219edinte interimar al Rom\u00e2niei.<\/p>\n<p>\u00a0<\/p>","protected":false},"excerpt":{"rendered":"<p>O \u0219edin\u021b\u0103 \u00een desf\u0103\u0219urarea a liderilor Coali\u021biei de guvernare are loc miercuri diminea\u021b\u0103. Cu mai&hellip;<\/p>\n","protected":false},"author":0,"featured_media":31054,"comment_status":"open","ping_status":"open","sticky":false,"template":"","format":"standard","meta":{"footnotes":""},"categories":[3],"tags":[],"class_list":["post-31053","post","type-post","status-publish","format-standard","has-post-thumbnail","hentry","category-politica"],"_links":{"self":[{"href":"https:\/\/247stiri.ro\/index.php\/wp-json\/wp\/v2\/posts\/31053","targetHints":{"allow":["GET"]}}],"collection":[{"href":"https:\/\/247stiri.ro\/index.php\/wp-json\/wp\/v2\/posts"}],"about":[{"href":"https:\/\/247stiri.ro\/index.php\/wp-json\/wp\/v2\/types\/post"}],"replies":[{"embeddable":true,"href":"https:\/\/247stiri.ro\/index.php\/wp-json\/wp\/v2\/comments?post=31053"}],"version-history":[{"count":0,"href":"https:\/\/247stiri.ro\/index.php\/wp-json\/wp\/v2\/posts\/31053\/revisions"}],"wp:featuredmedia":[{"embeddable":true,"href":"https:\/\/247stiri.ro\/index.php\/wp-json\/wp\/v2\/media\/31054"}],"wp:attachment":[{"href":"https:\/\/247stiri.ro\/index.php\/wp-json\/wp\/v2\/media?parent=31053"}],"wp:term":[{"taxonomy":"category","embeddable":true,"href":"https:\/\/247stiri.ro\/index.php\/wp-json\/wp\/v2\/categories?post=31053"},{"taxonomy":"post_tag","embeddable":true,"href":"https:\/\/247stiri.ro\/index.php\/wp-json\/wp\/v2\/tags?post=31053"}],"curies":[{"name":"wp","href":"https:\/\/api.w.org\/{rel}","templated":true}]}}