{"id":31072,"date":"2025-02-12T09:44:48","date_gmt":"2025-02-12T09:44:48","guid":{"rendered":"https:\/\/247stiri.ro\/index.php\/2025\/02\/12\/ministerul-agriculturii-se-prelungeste-termenul-de-depunere-a-solicitarilor-de-finantare-pentru-schema-de-energie-regenerabila\/"},"modified":"2025-02-12T09:44:48","modified_gmt":"2025-02-12T09:44:48","slug":"ministerul-agriculturii-se-prelungeste-termenul-de-depunere-a-solicitarilor-de-finantare-pentru-schema-de-energie-regenerabila","status":"publish","type":"post","link":"https:\/\/247stiri.ro\/index.php\/2025\/02\/12\/ministerul-agriculturii-se-prelungeste-termenul-de-depunere-a-solicitarilor-de-finantare-pentru-schema-de-energie-regenerabila\/","title":{"rendered":"Ministerul Agriculturii: Se prelunge\u0219te termenul de depunere a solicit\u0103rilor de finan\u0163are pentru Schema de energie regenerabil\u0103"},"content":{"rendered":"<p>Sesiunea de primire a cererilor de finan\u0163are este \u00een derulare \u015fi fost deschis\u0103 \u00een data de 24 decembrie 2024, data limit\u0103 de depunere fiind stabilit\u0103 ini\u0163ial 28 februarie 2025. Ca urmare a solicit\u0103rilor transmise AFIR de c\u0103tre poten\u0163ialii beneficiari, a fost decis\u0103 prelungirea sesiunii pentru a putea asigura implementarea tehnic\u0103 \u015fi financiar\u0103 \u00een condi\u0163ii optime. Astfel, noul termen este 31 martie.<\/p>\n<p>Fondurile totale disponibile pentru finan\u0163area proiectelor eligibile depuse \u00een aceast\u0103 sesiune se ridic\u0103 la 150 de milioane de euro. Valoarea ajutorului de stat acordat \u00een cadrul acestei Scheme ajunge p\u00e2n\u0103 la 100% din costurile eligibile.<\/p>\n<p>Potrivit mediafax.ro, fondurile nerambursabile pe care le poate ob\u0163ine un proiect pentru energie eolian\u0103 sunt \u00een valoare de 700.000 euro\/ MW indiferent de capacitatea instalat\u0103, iar pentru energia solar\u0103 fondurile ajung la 550.000 euro\/ MW pentru capacit\u0103\u0163i instalate mai mari de 1 MW sau la 650.000 euro\/ MW pentru capacit\u0103\u0163i instalate mai mici de 1 MW, inclusiv.<\/p>\n<p>Beneficiarii eligibili pot fi \u00eentreprinderile din sectorul agricol sau din sectorul industriei alimentare, precum \u015fi Organiza\u0163ii\/ federa\u0163ii de organiza\u0163ii din domeniul \u00eembun\u0103t\u0103\u0163irilor funciare. Prin intermediul Schemei de sprijin vor primi finan\u0163are proiectele care au ca obiectiv realizarea capacit\u0103\u0163ilor noi (sub 1 MW inclusiv \u015fi peste 1 MW) de producere energie electric\u0103, cu sau f\u0103r\u0103 stocare, din surse solare, precum \u015fi din surse eoliene.<\/p>","protected":false},"excerpt":{"rendered":"<p>Sesiunea de primire a cererilor de finan\u0163are este \u00een derulare \u015fi fost deschis\u0103 \u00een data&hellip;<\/p>\n","protected":false},"author":0,"featured_media":31073,"comment_status":"open","ping_status":"open","sticky":false,"template":"","format":"standard","meta":{"footnotes":""},"categories":[2],"tags":[],"class_list":["post-31072","post","type-post","status-publish","format-standard","has-post-thumbnail","hentry","category-actual"],"_links":{"self":[{"href":"https:\/\/247stiri.ro\/index.php\/wp-json\/wp\/v2\/posts\/31072","targetHints":{"allow":["GET"]}}],"collection":[{"href":"https:\/\/247stiri.ro\/index.php\/wp-json\/wp\/v2\/posts"}],"about":[{"href":"https:\/\/247stiri.ro\/index.php\/wp-json\/wp\/v2\/types\/post"}],"replies":[{"embeddable":true,"href":"https:\/\/247stiri.ro\/index.php\/wp-json\/wp\/v2\/comments?post=31072"}],"version-history":[{"count":0,"href":"https:\/\/247stiri.ro\/index.php\/wp-json\/wp\/v2\/posts\/31072\/revisions"}],"wp:featuredmedia":[{"embeddable":true,"href":"https:\/\/247stiri.ro\/index.php\/wp-json\/wp\/v2\/media\/31073"}],"wp:attachment":[{"href":"https:\/\/247stiri.ro\/index.php\/wp-json\/wp\/v2\/media?parent=31072"}],"wp:term":[{"taxonomy":"category","embeddable":true,"href":"https:\/\/247stiri.ro\/index.php\/wp-json\/wp\/v2\/categories?post=31072"},{"taxonomy":"post_tag","embeddable":true,"href":"https:\/\/247stiri.ro\/index.php\/wp-json\/wp\/v2\/tags?post=31072"}],"curies":[{"name":"wp","href":"https:\/\/api.w.org\/{rel}","templated":true}]}}