{"id":31075,"date":"2025-02-12T09:44:49","date_gmt":"2025-02-12T09:44:49","guid":{"rendered":"https:\/\/247stiri.ro\/index.php\/2025\/02\/12\/tragedie-in-bacau-un-barbat-de-70-de-ani-a-murit-intr-un-incendiu-produs-in-onesti\/"},"modified":"2025-02-12T09:44:49","modified_gmt":"2025-02-12T09:44:49","slug":"tragedie-in-bacau-un-barbat-de-70-de-ani-a-murit-intr-un-incendiu-produs-in-onesti","status":"publish","type":"post","link":"https:\/\/247stiri.ro\/index.php\/2025\/02\/12\/tragedie-in-bacau-un-barbat-de-70-de-ani-a-murit-intr-un-incendiu-produs-in-onesti\/","title":{"rendered":"Tragedie \u00een Bac\u0103u. Un b\u0103rbat de 70 de ani a murit \u00eentr-un incendiu produs \u00een One\u0219ti"},"content":{"rendered":"<p>Potrivit ISU Bac\u0103u, la fa\u021ba locului au intervenit dou\u0103 autospeciale de interven\u021bie cu ap\u0103 \u0219i spum\u0103, o ambulan\u0163\u0103 SMURD \u0219i o autospecial\u0103 de prim\u0103 interven\u021bie \u0219i comand\u0103, cu 15 pompieri militari.<\/p>\n<p>Incendiul s-a manifestat la o cas\u0103 de locuit \u0219i un garaj \u00een care se aflau patru autoturisme, pe o suprafa\u0163\u0103 de aproximativ 100 de metri p\u0103tra\u021bi.<\/p>\n<p>\u00cen urma incendiului s-a \u00eenregistrat o victim\u0103. Este vorba de un b\u0103rbat de circa 70 de ani, care a fost g\u0103sit carbonizat. Acesta era cunoscut ca av\u00e2nd probleme locomotorii.<\/p>\n<p>\u00cen urma incendiului, care a avut drept cauz\u0103 probabil\u0103 efectul termic al unui co\u0219 de fum amplasat necorespunz\u0103tor fa\u021b\u0103 de materialele combustibile, au ars imobile \u0219i bunuri de pe trei propriet\u0103\u021bi.<\/p>\n<p>La primul proprietar a ars locuin\u021ba pe circa 100 mp \u0219i bunuri din interior, la al doilea proprietar a ars acoperi\u0219ul locuin\u021bei pe aproximativ 30 mp, iar la al treilea proprietar a ars un garaj pe circa 80 mp \u0219i au fost afectate dou\u0103 autoturisme.<\/p>","protected":false},"excerpt":{"rendered":"<p>Potrivit ISU Bac\u0103u, la fa\u021ba locului au intervenit dou\u0103 autospeciale de interven\u021bie cu ap\u0103 \u0219i&hellip;<\/p>\n","protected":false},"author":0,"featured_media":31076,"comment_status":"open","ping_status":"open","sticky":false,"template":"","format":"standard","meta":{"footnotes":""},"categories":[2],"tags":[],"class_list":["post-31075","post","type-post","status-publish","format-standard","has-post-thumbnail","hentry","category-actual"],"_links":{"self":[{"href":"https:\/\/247stiri.ro\/index.php\/wp-json\/wp\/v2\/posts\/31075","targetHints":{"allow":["GET"]}}],"collection":[{"href":"https:\/\/247stiri.ro\/index.php\/wp-json\/wp\/v2\/posts"}],"about":[{"href":"https:\/\/247stiri.ro\/index.php\/wp-json\/wp\/v2\/types\/post"}],"replies":[{"embeddable":true,"href":"https:\/\/247stiri.ro\/index.php\/wp-json\/wp\/v2\/comments?post=31075"}],"version-history":[{"count":0,"href":"https:\/\/247stiri.ro\/index.php\/wp-json\/wp\/v2\/posts\/31075\/revisions"}],"wp:featuredmedia":[{"embeddable":true,"href":"https:\/\/247stiri.ro\/index.php\/wp-json\/wp\/v2\/media\/31076"}],"wp:attachment":[{"href":"https:\/\/247stiri.ro\/index.php\/wp-json\/wp\/v2\/media?parent=31075"}],"wp:term":[{"taxonomy":"category","embeddable":true,"href":"https:\/\/247stiri.ro\/index.php\/wp-json\/wp\/v2\/categories?post=31075"},{"taxonomy":"post_tag","embeddable":true,"href":"https:\/\/247stiri.ro\/index.php\/wp-json\/wp\/v2\/tags?post=31075"}],"curies":[{"name":"wp","href":"https:\/\/api.w.org\/{rel}","templated":true}]}}