{"id":31080,"date":"2025-02-12T09:44:50","date_gmt":"2025-02-12T09:44:50","guid":{"rendered":"https:\/\/247stiri.ro\/index.php\/2025\/02\/12\/situatie-halucinanta-la-teatrul-evreiesc-de-stat-actorii-joaca-paziti-de-jandarmi-autoritatile-sesizate-in-urma-unor-amenintari-pe-tiktok\/"},"modified":"2025-02-12T09:44:50","modified_gmt":"2025-02-12T09:44:50","slug":"situatie-halucinanta-la-teatrul-evreiesc-de-stat-actorii-joaca-paziti-de-jandarmi-autoritatile-sesizate-in-urma-unor-amenintari-pe-tiktok","status":"publish","type":"post","link":"https:\/\/247stiri.ro\/index.php\/2025\/02\/12\/situatie-halucinanta-la-teatrul-evreiesc-de-stat-actorii-joaca-paziti-de-jandarmi-autoritatile-sesizate-in-urma-unor-amenintari-pe-tiktok\/","title":{"rendered":"Situa\u021bie halucinant\u0103 la Teatrul Evreiesc de Stat: actorii joac\u0103 p\u0103zi\u021bi de jandarmi! Autorit\u0103\u021bile, sesizate \u00een urma unor amenin\u021b\u0103ri pe TikTok"},"content":{"rendered":"<p>Totul a \u00eenceput \u00een 2 februarie, c\u00e2nd pe un cont de TikTok a fost postat\u0103 o fotografie cu cl\u0103direa Teatrului Evreiesc de Stat, cu mesajul: \u201eCuibul unde progeniturile cazare evreie\u015fti fasci\u015fte \u00ee\u015fi ascund identitatea, \u00eenva\u0163\u0103 limba rom\u00e2n\u0103, preg\u0103tite mai t\u00e2rziu s\u0103 preia conducerea total\u0103 a Rom\u00e2niei\u201d.<\/p>\n<p>Comentariile nu au \u00eent\u00e2rziat s\u0103 apar\u0103. \u015ei sunt extrem de grave. Con\u0163in amenin\u0163\u0103ri explicite cu moartea.<\/p>\n<p>O apropiat\u0103 a actri\u0163ei Maia Morgenstern a f\u0103cut pl\u00e2ngere la Poli\u0163ie.<\/p>\n<p>\u201cNu din partea teatrului (a fost f\u0103cut\u0103 pl\u00e2ngerea c\u0103tre autorit\u0103\u0163i \u2013 n.r.). Vreau s\u0103 fie clar! Nu din partea teatrului, lucru care m\u0103 \u00eengrijoreaz\u0103 \u015fi m\u0103 \u00eentristeaz\u0103. At\u00e2ta vreme c\u00e2t am fost la conducerea institu\u0163iei \u015fi au existat amenin\u0163\u0103ri explicite: `venim peste voi \u015fi v\u0103 d\u0103r\u00e2m\u0103m, v\u0103 d\u0103m foc acolo!`, eu am f\u0103cut pl\u00e2ngere penal\u0103. Fiecare manager are, \u00eens\u0103, libertatea, dreptul, con\u015ftiin\u0163a sa de a adopta o anumit\u0103 atitudine sau alta.<\/p>\n<p>Personal, sunt \u00eempotriv\u0103, asum\u00e2ndu-mi critici, ironii, derizoriul: `Haide, dom`le, te pl\u00e2ngi din orice! Ai mai g\u0103sit un motiv s\u0103 te bagi \u00een seam\u0103!`<\/p>\n<p>Nu sunt erou, nu am preten\u021bia c\u0103 nu mi-e greu. Deci chiar \u00eemi este foarte greu. C\u00e2nd atrag aten\u0163ia asupra unor astfel de derapaje, mi se pare periculos, n-o iau \u00een glum\u0103\u201d, a declarat Maia Morgenstern, pentru un post TV.<\/p>","protected":false},"excerpt":{"rendered":"<p>Totul a \u00eenceput \u00een 2 februarie, c\u00e2nd pe un cont de TikTok a fost postat\u0103&hellip;<\/p>\n","protected":false},"author":0,"featured_media":31081,"comment_status":"open","ping_status":"open","sticky":false,"template":"","format":"standard","meta":{"footnotes":""},"categories":[2],"tags":[],"class_list":["post-31080","post","type-post","status-publish","format-standard","has-post-thumbnail","hentry","category-actual"],"_links":{"self":[{"href":"https:\/\/247stiri.ro\/index.php\/wp-json\/wp\/v2\/posts\/31080","targetHints":{"allow":["GET"]}}],"collection":[{"href":"https:\/\/247stiri.ro\/index.php\/wp-json\/wp\/v2\/posts"}],"about":[{"href":"https:\/\/247stiri.ro\/index.php\/wp-json\/wp\/v2\/types\/post"}],"replies":[{"embeddable":true,"href":"https:\/\/247stiri.ro\/index.php\/wp-json\/wp\/v2\/comments?post=31080"}],"version-history":[{"count":0,"href":"https:\/\/247stiri.ro\/index.php\/wp-json\/wp\/v2\/posts\/31080\/revisions"}],"wp:featuredmedia":[{"embeddable":true,"href":"https:\/\/247stiri.ro\/index.php\/wp-json\/wp\/v2\/media\/31081"}],"wp:attachment":[{"href":"https:\/\/247stiri.ro\/index.php\/wp-json\/wp\/v2\/media?parent=31080"}],"wp:term":[{"taxonomy":"category","embeddable":true,"href":"https:\/\/247stiri.ro\/index.php\/wp-json\/wp\/v2\/categories?post=31080"},{"taxonomy":"post_tag","embeddable":true,"href":"https:\/\/247stiri.ro\/index.php\/wp-json\/wp\/v2\/tags?post=31080"}],"curies":[{"name":"wp","href":"https:\/\/api.w.org\/{rel}","templated":true}]}}