{"id":31082,"date":"2025-02-12T09:44:50","date_gmt":"2025-02-12T09:44:50","guid":{"rendered":"https:\/\/247stiri.ro\/index.php\/2025\/02\/12\/gramatica-revine-la-liceu-ministrul-educatiei-chiar-nu-se-mai-poate-asa-prea-multi-copii-vorbesc-prost-limba-romana\/"},"modified":"2025-02-12T09:44:50","modified_gmt":"2025-02-12T09:44:50","slug":"gramatica-revine-la-liceu-ministrul-educatiei-chiar-nu-se-mai-poate-asa-prea-multi-copii-vorbesc-prost-limba-romana","status":"publish","type":"post","link":"https:\/\/247stiri.ro\/index.php\/2025\/02\/12\/gramatica-revine-la-liceu-ministrul-educatiei-chiar-nu-se-mai-poate-asa-prea-multi-copii-vorbesc-prost-limba-romana\/","title":{"rendered":"Gramatica revine la liceu. Ministrul Educa\u021biei: \u201dChiar nu se mai poate a\u015fa! Prea mul\u021bi copii vorbesc prost limba rom\u00e2n\u0103\u201d"},"content":{"rendered":"<p><a href=\"https:\/\/www.realitatea.net\/stiri\/actual\/daniel-david-a-tras-concluzia-ca-dupa-incheierea-probelor-de-competente-ale-bacalaureatului-modul-de-organizare-al-celor-implicati-poate-fi-un-model-pentru-schimbarea-educatiei-in-romania_67a6750e54b3da395c516742\" target=\"_blank\">Daniel David<\/a> a subliniat c\u0103 reintroducerea gramaticii la liceu, dup\u0103 mai bine de 20 de ani, este necesar\u0103 pentru combaterea nivelului ridicat de analfabetism func\u021bional din \u0219coli.<\/p>\n<p>\u201dAm cerut tuturor disciplinelor (speciali\u015ftilor care se ocup\u0103 de acestea) s\u0103 g\u00e2ndeasc\u0103 modele noi, nu doar num\u0103r de ore, \u00een forma actual\u0103 lucrurile nefunc\u0163ion\u00e2nd bine, \u00een condi\u0163iile \u00een care \u015fcoala produce prea mult analfabetism func\u0163ional pentru secolul XXI.<\/p>\n<p>Chiar nu se mai poate a\u015fa! Iar profesorii \u015fi organiza\u0163iile profesionale au \u00eenceput s\u0103 \u00een\u0163eleag\u0103 asta. Spre exemplu, dup\u0103 mai mult de 20 de ani de lips\u0103, vom readuce ca nume discipline care contribuie direct la cultura na\u0163ional\u0103 (Istoria rom\u00e2nilor), pentru a da un semnal clar c\u0103 o lume modern\u0103 nu poate exista f\u0103r\u0103 identitatea na\u0163ional\u0103, iar gramatica va reveni, de asemenea, la liceu; a\u015fa cum am spus la lansarea planurilor-cadru, prea mul\u0163i copii nu-\u015fi cunosc corect istoria sau geografia na\u0163ional\u0103 \u015fi vorbesc prost limba rom\u00e2n\u0103&#8221;, a declarat ministrul Educa\u021biei pe blogul s\u0103u.<\/p>\n<p>Oficialul este de p\u0103rere c\u0103 exerci\u021biul de dezbatere la planurile-cadru este \u015fi unul &#8222;educa\u0163ional&#8221;, iar aerisirea curriculumului trebuie s\u0103 se fac\u0103 apoi \u015fi la nivel de programe.<\/p>\n<p>\u201dAm \u00eenceput astfel s\u0103 \u00een\u0163elegem filosofia acestor planuri-cadru, \u015fi anume nu de a &#8222;scoate&#8221; discipline\/ore pentru a reduce simplu \u00eenc\u0103rcarea pe elevi, ci de a reduce centralismul (caracterul obligatoriu) prin unele descentraliz\u0103ri la nivelul \u015fcolii \u015fi la nivelul deciziei elevilor (caracterul op\u0163ional). (&#8230;) R\u0103m\u00e2ne de v\u0103zut c\u00e2t se va descentraliza, \u00een aceast\u0103 form\u0103 unii consider\u00e2nd c\u0103 este prea mult, al\u0163ii c\u0103 este prea pu\u0163in.<\/p>\n<p>Cu siguran\u0163\u0103, \u00een cazul latinei voi propune, \u00een final, revenirea la elementul centralizat, descentralizarea, bun\u0103 ca inten\u0163ie, neasigur\u00e2nd \u00eenc\u0103 alegerea ra\u0163ional\u0103 acolo unde s-ar cuveni dac\u0103 latina r\u0103m\u00e2ne op\u0163ional\u0103 (a\u015fa cum am fost convins prin discu\u0163iile cu speciali\u015ftii \u015fi organiza\u0163iile profesionale din domeniu)&#8221;, a mai transmis Daniel David.<\/p>\n<p>Totodat\u0103, ministrul a dezv\u0103luit c\u0103 vrea ca planurlie-cadru rezultate din dezbateri s\u0103 fie acceptate pentru a moderniza sistemului educa\u021bional rom\u00e2nesc.\u00a0<\/p>","protected":false},"excerpt":{"rendered":"<p>Daniel David a subliniat c\u0103 reintroducerea gramaticii la liceu, dup\u0103 mai bine de 20 de&hellip;<\/p>\n","protected":false},"author":0,"featured_media":31083,"comment_status":"open","ping_status":"open","sticky":false,"template":"","format":"standard","meta":{"footnotes":""},"categories":[2],"tags":[],"class_list":["post-31082","post","type-post","status-publish","format-standard","has-post-thumbnail","hentry","category-actual"],"_links":{"self":[{"href":"https:\/\/247stiri.ro\/index.php\/wp-json\/wp\/v2\/posts\/31082","targetHints":{"allow":["GET"]}}],"collection":[{"href":"https:\/\/247stiri.ro\/index.php\/wp-json\/wp\/v2\/posts"}],"about":[{"href":"https:\/\/247stiri.ro\/index.php\/wp-json\/wp\/v2\/types\/post"}],"replies":[{"embeddable":true,"href":"https:\/\/247stiri.ro\/index.php\/wp-json\/wp\/v2\/comments?post=31082"}],"version-history":[{"count":0,"href":"https:\/\/247stiri.ro\/index.php\/wp-json\/wp\/v2\/posts\/31082\/revisions"}],"wp:featuredmedia":[{"embeddable":true,"href":"https:\/\/247stiri.ro\/index.php\/wp-json\/wp\/v2\/media\/31083"}],"wp:attachment":[{"href":"https:\/\/247stiri.ro\/index.php\/wp-json\/wp\/v2\/media?parent=31082"}],"wp:term":[{"taxonomy":"category","embeddable":true,"href":"https:\/\/247stiri.ro\/index.php\/wp-json\/wp\/v2\/categories?post=31082"},{"taxonomy":"post_tag","embeddable":true,"href":"https:\/\/247stiri.ro\/index.php\/wp-json\/wp\/v2\/tags?post=31082"}],"curies":[{"name":"wp","href":"https:\/\/api.w.org\/{rel}","templated":true}]}}