{"id":31095,"date":"2025-02-12T10:44:49","date_gmt":"2025-02-12T10:44:49","guid":{"rendered":"https:\/\/247stiri.ro\/index.php\/2025\/02\/12\/cat-au-platit-liceenii-din-sibiu-ca-sa-le-cante-tzanca-uraganu-la-balul-bobocilor-director-de-colegiu-reactie-dura-m-au-dezamagit-video\/"},"modified":"2025-02-12T10:44:49","modified_gmt":"2025-02-12T10:44:49","slug":"cat-au-platit-liceenii-din-sibiu-ca-sa-le-cante-tzanca-uraganu-la-balul-bobocilor-director-de-colegiu-reactie-dura-m-au-dezamagit-video","status":"publish","type":"post","link":"https:\/\/247stiri.ro\/index.php\/2025\/02\/12\/cat-au-platit-liceenii-din-sibiu-ca-sa-le-cante-tzanca-uraganu-la-balul-bobocilor-director-de-colegiu-reactie-dura-m-au-dezamagit-video\/","title":{"rendered":"C\u00e2t au pl\u0103tit liceenii din Sibiu ca s\u0103 le c\u00e2nte Tzanc\u0103 Uraganu la Balul Bobocilor. Director de colegiu, reac\u021bie dur\u0103: &#8222;M-au dezam\u0103git!&#8221; &#8211; VIDEO"},"content":{"rendered":"<p>La eveniment au participat sute de elevi de la Colegiul Na\u0163ional \u201eSamuel von Brukenthal\u201d, Colegiul Na\u0163ional \u201eGheorghe Laz\u0103r\u201d, Colegiul Na\u0163ional \u201eOctavian Goga\u201d, Liceul Teoretic \u201eOnisifor Ghibu\u201d, Colegiul Na\u0163ional Pedagogic \u201eAndrei \u015eaguna\u201d \u015fi Liceul Teoretic \u201eConstantin Noica\u201d, potrivit \u00a0Ora de Sibiu.\u00a0<\/p>\n<p>Balul Bobocilor a avut loc la sala \u201eVersailles\u201d a unui celebru centru de evenimente din ora\u015f \u015fi a fost prezentat de Liviu V\u00e2rciu. Petrecerea a \u00eenceput la ora 18:00, iar biletele s-au v\u00e2ndut la pre\u0163uri cuprinse \u00eentre 120 \u015fi 230 de lei.<\/p>\n<p>C\u00e2nt\u0103re\u021bul de manele a publicat pe re\u021bele de socializare un videoclip \u00een care sute de elevi sibieni c\u00e2ntau al\u0103turi de el versurile melodiei \u201eMeneaito\u201d.\u00a0<\/p>\n<p>\u00cen alt videoclip, se aude o manea c\u00e2ntat\u0103 la unison de elevi: \u201eShiki Shiki Boom, am deranjat lini\u0219tea\/Shiki Shiki Boom, iar vine poli\u021bia\/Shiki Shiki Boom, tot ne facem damblaua\u201d.<\/p>\n\n<p>Director: \u201eElevii au participat cu acordul p\u0103rin\u0163ilor\u201d<\/p>\n<p>Directorul Colegiului \u201eGheorghe Laz\u0103r\u201d, Gabriel Negrea, este dezam\u0103git de alegerea elevilor cu privire la muzic\u0103 \u015fi subliniaz\u0103 faptul c\u0103 evenimentul nu a avut nici o leg\u0103tur\u0103 cu institu\u0163ia de \u00eenv\u0103\u0163\u0103m\u00e2nt.<\/p>\n<p><a href=\"https:\/\/www.realitatea.net\/stiri\/actual\/concert-cu-indemnuri-la-agresiune-sexuala-la-un-bal-al-bobocilor-scene-tulburatoare-la-un-liceu-din-giurgiu-in-public-erau-si-minori-de-14-ani_656dac3571e2ee72223a3333\" target=\"_blank\">Concert cu \u00eendemnuri la agresiune sexual\u0103, la un Bal al bobocilor. Scene tulbur\u0103toare la un liceu din Giurgiu: \u00een public erau \u0219i minori de 14 ani<\/a><\/p>\n<p>\u201e\u015ecoala nu a fost implicat\u0103 \u00een nici un mod. Nu am fost consulta\u0163i, iar elevii au participat cu acordul p\u0103rin\u0163ilor. Noi, ca \u015fcoal\u0103, nu am avut nici o implicare. Am aflat despre acest bal abia luni. Din c\u00e2te \u015ftiu, \u00abBalul Balurilor\u00bb s-a mai organizat \u015fi \u00een al\u0163i ani, dar nu au fost probleme legate de calitatea muzicii sau astfel de exager\u0103ri. De aceast\u0103 dat\u0103 \u00eens\u0103, au fost exager\u0103ri. Alegerea interpre\u0163ilor nu reflect\u0103 valorile \u015fi calit\u0103\u0163ile elevilor de la \u015fcoala noastr\u0103. M-a deranjat calitatea spectacolului, pe care o consider sub nivelul gusturilor noastre. Este un aspect care poate fi corectat prin educa\u0163ie\u201d, a declarat Gabriel Negrea, potrivit <a href=\"https:\/\/www.oradesibiu.ro\/2025\/02\/11\/reactie-dura-a-directorului-de-la-gheorghe-lazar-despre-balul-balurilor-negrea-m-au-dezamagit-au-fost-exagerari\/\" target=\"_blank\">Ora de Sibiu<\/a>.\u00a0<\/p>\n<p>Reac\u021bia ironic\u0103 a unui psiholog<\/p>\n<p>\u201eDomnilor profesori, con\u021binuti s\u0103 discuta\u021bi \u00een continuare despre planurile cadru!\u201d, a fost mesajul ironic transmis profesorilor din Sibiu de psihologul Mihai Cop\u0103ceanu.\u00a0<\/p>\n<p>\u201eIeri sear\u0103, la Sibiu, Tzanca Uraganu a f\u0103cut show la Balul Balurilor. Invitatul p\u0103rea chiar fericit! Evenimentul a reunit reprezentan\u021bi de la 6 dintre cele mai prestigioase licee din Sibiu pentru titlurile de Miss \u0219i Mister Sibiu si mii de participan\u021bi adolescen\u021bi. Domnilor profesori con\u021binuti s\u0103 discuta\u021bi \u00een continuare despre planurile cadru!\u201d, a scris Mihai Cop\u0103ceanu pe Facebook.<\/p>","protected":false},"excerpt":{"rendered":"<p>La eveniment au participat sute de elevi de la Colegiul Na\u0163ional \u201eSamuel von Brukenthal\u201d, Colegiul&hellip;<\/p>\n","protected":false},"author":0,"featured_media":31096,"comment_status":"open","ping_status":"open","sticky":false,"template":"","format":"standard","meta":{"footnotes":""},"categories":[2],"tags":[],"class_list":["post-31095","post","type-post","status-publish","format-standard","has-post-thumbnail","hentry","category-actual"],"_links":{"self":[{"href":"https:\/\/247stiri.ro\/index.php\/wp-json\/wp\/v2\/posts\/31095","targetHints":{"allow":["GET"]}}],"collection":[{"href":"https:\/\/247stiri.ro\/index.php\/wp-json\/wp\/v2\/posts"}],"about":[{"href":"https:\/\/247stiri.ro\/index.php\/wp-json\/wp\/v2\/types\/post"}],"replies":[{"embeddable":true,"href":"https:\/\/247stiri.ro\/index.php\/wp-json\/wp\/v2\/comments?post=31095"}],"version-history":[{"count":0,"href":"https:\/\/247stiri.ro\/index.php\/wp-json\/wp\/v2\/posts\/31095\/revisions"}],"wp:featuredmedia":[{"embeddable":true,"href":"https:\/\/247stiri.ro\/index.php\/wp-json\/wp\/v2\/media\/31096"}],"wp:attachment":[{"href":"https:\/\/247stiri.ro\/index.php\/wp-json\/wp\/v2\/media?parent=31095"}],"wp:term":[{"taxonomy":"category","embeddable":true,"href":"https:\/\/247stiri.ro\/index.php\/wp-json\/wp\/v2\/categories?post=31095"},{"taxonomy":"post_tag","embeddable":true,"href":"https:\/\/247stiri.ro\/index.php\/wp-json\/wp\/v2\/tags?post=31095"}],"curies":[{"name":"wp","href":"https:\/\/api.w.org\/{rel}","templated":true}]}}