{"id":31098,"date":"2025-02-12T10:44:49","date_gmt":"2025-02-12T10:44:49","guid":{"rendered":"https:\/\/247stiri.ro\/index.php\/2025\/02\/12\/papa-francisc-nu-poate-citi-din-cauza-bronsitei-de-care-sufera-de-ceva-vreme\/"},"modified":"2025-02-12T10:44:49","modified_gmt":"2025-02-12T10:44:49","slug":"papa-francisc-nu-poate-citi-din-cauza-bronsitei-de-care-sufera-de-ceva-vreme","status":"publish","type":"post","link":"https:\/\/247stiri.ro\/index.php\/2025\/02\/12\/papa-francisc-nu-poate-citi-din-cauza-bronsitei-de-care-sufera-de-ceva-vreme\/","title":{"rendered":"Papa Francisc nu poate citi din cauza bron\u0219itei de care sufer\u0103 de ceva vreme"},"content":{"rendered":"<p>\u201eEu, cu bron\u015fita mea, \u00eenc\u0103 nu pot (citi)\u201d, a spus Papa. \u201eSper ca data viitoare s\u0103 pot\u201d. Francisc, \u00een v\u00e2rst\u0103 de 88 de ani, este pap\u0103 din 2013 \u015fi a suferit de mai multe ori de grip\u0103 \u015fi alte probleme de s\u0103n\u0103tate \u00een ultimii doi ani.<\/p>\n<p>S\u0103pt\u0103m\u00e2na trecut\u0103, Francisc le-a spus pelerinilor la audien\u0163a s\u0103pt\u0103m\u00e2nal\u0103 c\u0103 sufer\u0103 de o \u201er\u0103ceal\u0103 puternic\u0103\u201d, pe care Vaticanul a descris-o ulterior ca fiind bron\u015fit\u0103.<\/p>\n<p>\u00cen timp ce Francisc a s\u0103rit peste citirea p\u0103r\u0163ii principale a mesajului s\u0103u s\u0103pt\u0103m\u00e2nal de miercuri, el a r\u0103mas prezent la audien\u0163a de o or\u0103 \u015fi a vorbit pe scurt \u00een mai multe momente \u00een timpul \u00eent\u00e2lnirii.<\/p>\n<p>Papa \u015fi-a respectat programul de \u00eent\u00e2lniri zilnice \u015fi a avut \u00eent\u00e2lniri la re\u015fedin\u0163a de la Vatican unde locuie\u015fte. Mar\u0163i, el a avut, de asemenea, o apari\u0163ie video la popularul festival de c\u00e2ntece Sanremo din Italia. Francisc a c\u0103zut de dou\u0103 ori, recent, la re\u015fedin\u0163a sa de la Vatican, lovindu-\u015fi b\u0103rbia \u00een decembrie \u015fi r\u0103nindu-\u015fi bra\u0163ul \u00een ianuarie.<\/p>","protected":false},"excerpt":{"rendered":"<p>\u201eEu, cu bron\u015fita mea, \u00eenc\u0103 nu pot (citi)\u201d, a spus Papa. \u201eSper ca data viitoare&hellip;<\/p>\n","protected":false},"author":0,"featured_media":31099,"comment_status":"open","ping_status":"open","sticky":false,"template":"","format":"standard","meta":{"footnotes":""},"categories":[2],"tags":[],"class_list":["post-31098","post","type-post","status-publish","format-standard","has-post-thumbnail","hentry","category-actual"],"_links":{"self":[{"href":"https:\/\/247stiri.ro\/index.php\/wp-json\/wp\/v2\/posts\/31098","targetHints":{"allow":["GET"]}}],"collection":[{"href":"https:\/\/247stiri.ro\/index.php\/wp-json\/wp\/v2\/posts"}],"about":[{"href":"https:\/\/247stiri.ro\/index.php\/wp-json\/wp\/v2\/types\/post"}],"replies":[{"embeddable":true,"href":"https:\/\/247stiri.ro\/index.php\/wp-json\/wp\/v2\/comments?post=31098"}],"version-history":[{"count":0,"href":"https:\/\/247stiri.ro\/index.php\/wp-json\/wp\/v2\/posts\/31098\/revisions"}],"wp:featuredmedia":[{"embeddable":true,"href":"https:\/\/247stiri.ro\/index.php\/wp-json\/wp\/v2\/media\/31099"}],"wp:attachment":[{"href":"https:\/\/247stiri.ro\/index.php\/wp-json\/wp\/v2\/media?parent=31098"}],"wp:term":[{"taxonomy":"category","embeddable":true,"href":"https:\/\/247stiri.ro\/index.php\/wp-json\/wp\/v2\/categories?post=31098"},{"taxonomy":"post_tag","embeddable":true,"href":"https:\/\/247stiri.ro\/index.php\/wp-json\/wp\/v2\/tags?post=31098"}],"curies":[{"name":"wp","href":"https:\/\/api.w.org\/{rel}","templated":true}]}}