{"id":31111,"date":"2025-02-12T11:44:47","date_gmt":"2025-02-12T11:44:47","guid":{"rendered":"https:\/\/247stiri.ro\/index.php\/2025\/02\/12\/usr-pune-tunurile-pe-ministrul-de-interne-oamenii-au-fost-hartuiti-de-politia-lui-predoiu-pentru-ca-au-zis-cu-cine-voteaza-document\/"},"modified":"2025-02-12T11:44:47","modified_gmt":"2025-02-12T11:44:47","slug":"usr-pune-tunurile-pe-ministrul-de-interne-oamenii-au-fost-hartuiti-de-politia-lui-predoiu-pentru-ca-au-zis-cu-cine-voteaza-document","status":"publish","type":"post","link":"https:\/\/247stiri.ro\/index.php\/2025\/02\/12\/usr-pune-tunurile-pe-ministrul-de-interne-oamenii-au-fost-hartuiti-de-politia-lui-predoiu-pentru-ca-au-zis-cu-cine-voteaza-document\/","title":{"rendered":"USR pune tunurile pe ministrul de Interne: Oamenii au fost h\u0103r\u021bui\u021bi de poli\u021bia lui Predoiu pentru c\u0103 au zis cu cine voteaz\u0103 &#8211; DOCUMENT"},"content":{"rendered":"<p>\u00cen aceea\u0219i solicitare, deputatul Allen Coliban a cerut &#8222;cadrul legal pentru desf\u0103\u0219urarea acestor ac\u021biuni \u0219i care sunt faptele prezumtiv a fi incriminate, care reclam\u0103 astfel de interven\u021bii&#8221;.\u00a0<\/p>\n<p>Allen Coliban a cerut \u0219i num\u0103rul de interven\u021bii similare care au avut loc \u00een perioada 15.11.2024 \u2013 11.02.2025. USR aminte\u0219te c\u0103, \u00een perioada campaniei electorale, mai mul\u021bi cet\u0103\u021beni au fost h\u0103r\u021bui\u021bi de Poli\u021bia lui C\u0103t\u0103lin Predoiu pentru ca au spus pe internet cu cine vor s\u0103 voteze.<\/p>\n<p>\u00cen acela\u0219i comunicat se mai arat\u0103 c\u0103 USR &#8222;face eforturi constante \u00een Parlament pentru ca legisla\u021bia s\u0103 fie adaptat\u0103 vremurilor \u00een care tr\u0103im&#8221;.<\/p>\n<p>&#8222;Astfel de ac\u021biuni agraveaz\u0103 lipsa de \u00eencredere \u00een institu\u021biile statului care oricum a ajuns la un nivel \u00eengrijor\u0103tor de mic\u201d, a transmis deputatul USR Allen Coliban, membru \u00een Comisia de control a SRI.\u00a0<\/p>\n\n<p>\u00a0<\/p>\n<p>\u00a0<\/p>\n<p>\u00a0<\/p>","protected":false},"excerpt":{"rendered":"<p>\u00cen aceea\u0219i solicitare, deputatul Allen Coliban a cerut &#8222;cadrul legal pentru desf\u0103\u0219urarea acestor ac\u021biuni \u0219i&hellip;<\/p>\n","protected":false},"author":0,"featured_media":31112,"comment_status":"open","ping_status":"open","sticky":false,"template":"","format":"standard","meta":{"footnotes":""},"categories":[3],"tags":[],"class_list":["post-31111","post","type-post","status-publish","format-standard","has-post-thumbnail","hentry","category-politica"],"_links":{"self":[{"href":"https:\/\/247stiri.ro\/index.php\/wp-json\/wp\/v2\/posts\/31111","targetHints":{"allow":["GET"]}}],"collection":[{"href":"https:\/\/247stiri.ro\/index.php\/wp-json\/wp\/v2\/posts"}],"about":[{"href":"https:\/\/247stiri.ro\/index.php\/wp-json\/wp\/v2\/types\/post"}],"replies":[{"embeddable":true,"href":"https:\/\/247stiri.ro\/index.php\/wp-json\/wp\/v2\/comments?post=31111"}],"version-history":[{"count":0,"href":"https:\/\/247stiri.ro\/index.php\/wp-json\/wp\/v2\/posts\/31111\/revisions"}],"wp:featuredmedia":[{"embeddable":true,"href":"https:\/\/247stiri.ro\/index.php\/wp-json\/wp\/v2\/media\/31112"}],"wp:attachment":[{"href":"https:\/\/247stiri.ro\/index.php\/wp-json\/wp\/v2\/media?parent=31111"}],"wp:term":[{"taxonomy":"category","embeddable":true,"href":"https:\/\/247stiri.ro\/index.php\/wp-json\/wp\/v2\/categories?post=31111"},{"taxonomy":"post_tag","embeddable":true,"href":"https:\/\/247stiri.ro\/index.php\/wp-json\/wp\/v2\/tags?post=31111"}],"curies":[{"name":"wp","href":"https:\/\/api.w.org\/{rel}","templated":true}]}}