{"id":31116,"date":"2025-02-12T11:44:49","date_gmt":"2025-02-12T11:44:49","guid":{"rendered":"https:\/\/247stiri.ro\/index.php\/2025\/02\/12\/avocata-lui-georgescu-anunt-zdrobitor-privind-reluarea-turului-2-al-alegerilor-prezidentiale-romania-este-obligata-sa-respecte-decizia\/"},"modified":"2025-02-12T11:44:49","modified_gmt":"2025-02-12T11:44:49","slug":"avocata-lui-georgescu-anunt-zdrobitor-privind-reluarea-turului-2-al-alegerilor-prezidentiale-romania-este-obligata-sa-respecte-decizia","status":"publish","type":"post","link":"https:\/\/247stiri.ro\/index.php\/2025\/02\/12\/avocata-lui-georgescu-anunt-zdrobitor-privind-reluarea-turului-2-al-alegerilor-prezidentiale-romania-este-obligata-sa-respecte-decizia\/","title":{"rendered":"Avocata lui Georgescu, anun\u021b zdrobitor privind RELUAREA turului 2 al alegerilor preziden\u021biale: Rom\u00e2nia este OBLIGAT\u0102 s\u0103 respecte decizia"},"content":{"rendered":"<p>Guvernul Rom\u00e2niei este obligat s\u0103 reia &#8222;de \u00eendat\u0103 \u0219i f\u0103r\u0103 discu\u021bie&#8221; turul 2 al alegerilor preziden\u021biale, a anun\u021bat avocat lui Georgescu.\u00a0<\/p>\n<p>&#8222;Un cet\u0103\u021bean rom\u00e2n, rezident \u00een Canada, a aplicat \u00een procedura arbitrajului interna\u021bional, a beneficiat de o hot\u0103r\u00e2re judec\u0103toreasc\u0103 care poart\u0103 apostila definitiv\u0103 \u0219i executorie \u00een baza c\u0103reia Guvernul Rom\u00e2niei este obligat s\u0103 reia de \u00eendat\u0103 \u0219i f\u0103r\u0103 discu\u021bie turul 2 al alegerilor preziden\u021biale&#8221;, a spus avocata, \u00eentr-o interven\u021bie telefonic\u0103 la Realitatea PLUS.\u00a0<\/p>\n<p>Potrivit Marei Vasii, hot\u0103r\u00e2rea intr\u0103 sub protec\u021bia acordului bilateral \u00eencheiat \u00eentre Rom\u00e2nia \u0219i Canada.\u00a0<\/p>\n<p>&#8222;Rom\u00e2nia este obligat\u0103 s\u0103 pun\u0103 \u00een executare de \u00eendat\u0103 \u0219i f\u0103r nicio discu\u021bie aceast\u0103 hot\u0103r\u00e2re judec\u0103toreasc\u0103&#8221;, a ar\u0102tat avocata, men\u021bion\u00e2nd c\u0103 toat\u0103 procedura administrativ\u0103 este \u00een prezent zero.\u00a0<\/p>\n<p>&#8222;Rom\u00e2nia a ar\u0103tat c\u0103 nu-\u0219i onoreaz\u0103 statutul de stat de drept, judec\u0103torii nu \u0219i-au onorat menirea pentru care au fost ale\u0219i \u0219i pentru care \u00eencaseaz\u0103 venituri foarte mari. De aceea, \u00een prezent cet\u0103\u021benii str\u0103ini care de\u021bin autorit\u0103\u021bi de stat vin s\u0103 ne fac\u0103 ordine; vin s\u0103 le dea rom\u00e2nilor demnitatea&#8221;, a mai spus Maria Vasii.\u00a0<\/p>\n<p>\u00centrebat\u0103 cum poate fi pus\u0103 hot\u0103r\u00e2rea \u00een practic\u0103 \u00een Rom\u00e2nia, aceasta a r\u0103spuns: &#8222;Avem Legea 356\/2009, legea de aprobare a acordului dintre Rom\u00e2nia \u0219i Canada. \u00cen baza acestui acord o hot\u0103r\u00e2re pronun\u021bat\u0103 de un tribunal arbitrar este obligatoriu a fi transpus\u0103 \u0219i executat\u0103 de c\u0103tre Rom\u00e2nia. Nu avem nicio alt\u0103 posibilitate ca Rom\u00e2nia s\u0103 refuze executarea acestei hot\u0103r\u00e2ri judec\u0103tore\u0219ti. Ca atare, intr\u0103m pe procedura \u00een care Statul rom\u00e2n, Guvernul trebuie s\u0103 ia act de existen\u021ba acestei hot\u0103r\u00e2ri, trebuie s\u0103 se supun\u0103, s\u0103 emit\u0103 OUG \u0219i s\u0103 ia act de validarea primului tur, a\u0219a cum \u00een mod corect s-a dispus prin Hot\u0103r\u00e2rea 31\/2024 a CCR, \u0219i\u00a0 &#8211;\u00a0 ca atare &#8211; s\u0103 constate c\u0103 Hot\u0103r\u00e2rea 32 este neavenit\u0103\u00a0 \u0219i a fost dat\u0103 cu \u00eenc\u0103lcarea flagrant\u0103 a atribu\u021biilor pe care CCR\u00a0 le avea \u0219i de acum este o problem\u0103 \u00eentre state, \u00eentre Rom\u00e2nia \u0219i Canada. Este o problem\u0103 de litigiu interna\u021bional. Nu cred c\u0103 Guvernul Rom\u00e2niei &#8211; \u00een aceast\u0103 situa\u021bie \u00een care e demascat pentru toate ilegalit\u0103\u021bile &#8211; va mai avea curaj s\u0103 refuze a executa aceast\u0103 hot\u0103r\u00e2re&#8221;.\u00a0<\/p>\n<p>\u00a0<\/p>","protected":false},"excerpt":{"rendered":"<p>Guvernul Rom\u00e2niei este obligat s\u0103 reia &#8222;de \u00eendat\u0103 \u0219i f\u0103r\u0103 discu\u021bie&#8221; turul 2 al alegerilor&hellip;<\/p>\n","protected":false},"author":0,"featured_media":31108,"comment_status":"open","ping_status":"open","sticky":false,"template":"","format":"standard","meta":{"footnotes":""},"categories":[2],"tags":[],"class_list":["post-31116","post","type-post","status-publish","format-standard","has-post-thumbnail","hentry","category-actual"],"_links":{"self":[{"href":"https:\/\/247stiri.ro\/index.php\/wp-json\/wp\/v2\/posts\/31116","targetHints":{"allow":["GET"]}}],"collection":[{"href":"https:\/\/247stiri.ro\/index.php\/wp-json\/wp\/v2\/posts"}],"about":[{"href":"https:\/\/247stiri.ro\/index.php\/wp-json\/wp\/v2\/types\/post"}],"replies":[{"embeddable":true,"href":"https:\/\/247stiri.ro\/index.php\/wp-json\/wp\/v2\/comments?post=31116"}],"version-history":[{"count":0,"href":"https:\/\/247stiri.ro\/index.php\/wp-json\/wp\/v2\/posts\/31116\/revisions"}],"wp:featuredmedia":[{"embeddable":true,"href":"https:\/\/247stiri.ro\/index.php\/wp-json\/wp\/v2\/media\/31108"}],"wp:attachment":[{"href":"https:\/\/247stiri.ro\/index.php\/wp-json\/wp\/v2\/media?parent=31116"}],"wp:term":[{"taxonomy":"category","embeddable":true,"href":"https:\/\/247stiri.ro\/index.php\/wp-json\/wp\/v2\/categories?post=31116"},{"taxonomy":"post_tag","embeddable":true,"href":"https:\/\/247stiri.ro\/index.php\/wp-json\/wp\/v2\/tags?post=31116"}],"curies":[{"name":"wp","href":"https:\/\/api.w.org\/{rel}","templated":true}]}}