{"id":31117,"date":"2025-02-12T11:44:49","date_gmt":"2025-02-12T11:44:49","guid":{"rendered":"https:\/\/247stiri.ro\/index.php\/2025\/02\/12\/ministerul-educatiei-supune-dezbaterii-publice-structura-anului-scolar-2025-2026-cand-va-fi-prima-zi-de-scoala\/"},"modified":"2025-02-12T11:44:49","modified_gmt":"2025-02-12T11:44:49","slug":"ministerul-educatiei-supune-dezbaterii-publice-structura-anului-scolar-2025-2026-cand-va-fi-prima-zi-de-scoala","status":"publish","type":"post","link":"https:\/\/247stiri.ro\/index.php\/2025\/02\/12\/ministerul-educatiei-supune-dezbaterii-publice-structura-anului-scolar-2025-2026-cand-va-fi-prima-zi-de-scoala\/","title":{"rendered":"Ministerul Educa\u021biei supune dezbaterii publice structura anului \u015fcolar 2025 \u2013 2026. C\u00e2nd va fi prima zi de \u0219coal\u0103"},"content":{"rendered":"<p>\u201dAm lansat \u00een consultare public\u0103 Proiectul de\u00a0Ordin\u00a0al ministrului educa\u0163iei \u015fi cercet\u0103rii privind structura anului \u015fcolar 2025-2026\u201d, anun\u0163\u0103, miercuri, Ministerul Educa\u0163iei.<\/p>\n<p>\u00cen forma actual\u0103, proiectul prevede 36 de s\u0103pt\u0103m\u00e2ni de cursuri pentru majoritatea elevilor, prima zi de \u015fcoal\u0103 urm\u00e2nd a fi 8 septembrie.<\/p>\n<p>Potrivit ordinului, sunt stabilite excep\u0163ii:<\/p>\n<p>a) pentru clasele a XII-a zi, a XIII-a seral \u015fi frecven\u0163\u0103 redus\u0103, anul \u015fcolar are o durat\u0103 de 34 de s\u0103pt\u0103m\u00e2ni de cursuri \u015fi se \u00eencheie la data de 5 iunie 2026;<\/p>\n<p>b) pentru clasa a VIII-a, anul \u015fcolar are o durat\u0103 de 35 de s\u0103pt\u0103m\u00e2ni de cursuri \u015fi se \u00eencheie la data de 12 iunie 2026;<\/p>\n<p>c) pentru clasele din \u00eenv\u0103\u0163\u0103m\u00e2ntul liceal &#8211; filiera tehnologic\u0103 \u015fi pentru clasele din \u00eenv\u0103\u0163\u0103m\u00e2ntul profesional, anul \u015fcolar are o durat\u0103 de 37 de s\u0103pt\u0103m\u00e2ni de cursuri \u015fi se \u00eencheie la data de 26 iunie 2026;<\/p>\n<p>d) pentru clasele din \u00eenv\u0103\u0163\u0103m\u00e2ntul postliceal, durata cursurilor este cea stabilit\u0103 prin planurile-cadru de \u00eenv\u0103\u0163\u0103m\u00e2nt \u00een vigoare.<\/p>\n<p>a) Intervale de cursuri:<\/p>\n<p>&#8211; de luni, 8 septembrie 2025 p\u00e2n\u0103 vineri, 24 octombrie 2025;<\/p>\n<p>&#8211; de luni, 3 noiembrie 2025 p\u00e2n\u0103 vineri, 19 decembrie 2025;<\/p>\n<p>&#8211; de joi, 8 ianuarie 2026 \u2013 p\u00e2n\u0103 vineri, 6 februarie 2026, respectiv vineri, 13 februarie 2026 sau vineri, 20 februarie 2026, dup\u0103 caz, la decizia inspectoratelor \u015fcolare jude\u0163ene\/al municipiului Bucure\u015fti, \u00een urma consult\u0103rilor cu beneficiarii primari ai educa\u0163iei, cu p\u0103rin\u0163ii\/reprezentan\u0163ii legali ai acestora \u015fi cu cadrele didactice, realizate la nivelul unit\u0103\u0163ilor de \u00eenv\u0103\u0163\u0103m\u00e2nt;<\/p>\n<p>&#8211; de luni, 16 februarie 2026, respectiv luni, 23 februarie 2026 sau luni, 2 martie 2026, la decizia inspectoratelor \u015fcolare jude\u0163ene\/al municipiului Bucure\u015fti, dup\u0103 caz, p\u00e2n\u0103 vineri, 3 aprilie 2026;<\/p>\n<p>&#8211; de miercuri, 15 aprilie 2026 p\u00e2n\u0103 vineri, 19 iunie 2026;<\/p>\n<p>b) Intervale de vacan\u0163\u0103:<\/p>\n<p>&#8211; de s\u00e2mb\u0103t\u0103, 25 octombrie 2025 p\u00e2n\u0103 duminic\u0103, 2 noiembrie 2025;<\/p>\n<p>&#8211; de s\u00e2mb\u0103t\u0103, 20 decembrie 2025 p\u00e2n\u0103 miercuri, 7 ianuarie 2026;<\/p>\n<p>&#8211; o s\u0103pt\u0103m\u00e2n\u0103, la decizia inspectoratelor \u015fcolare jude\u0163ene\/al municipiului Bucure\u015fti, \u00een perioada 9 februarie \u2013 1 martie 2026;<\/p>\n<p>&#8211; de s\u00e2mb\u0103t\u0103, 4 aprilie 2026 p\u00e2n\u0103 mar\u0163i, 14 aprilie 2026; &#8211; de s\u00e2mb\u0103t\u0103, 20 iunie 2026, p\u00e2n\u0103 duminic\u0103, 6 septembrie 2026.<\/p>\n<p>Desf\u0103\u015furarea Programului na\u0163ional \u201d\u015ecoala altfel\u201d \u015fi a Programului \u201dS\u0103pt\u0103m\u00e2na Verde\u201d \u00een perioada 8 septembrie 2023 \u2013 3 aprilie 2026, la decizia unit\u0103\u0163ilor de \u00eenv\u0103\u0163\u0103m\u00e2nt.<\/p>\n<p>S\u0103pt\u0103m\u00e2na de vacan\u0163\u0103, la decizia inspectoratelor \u015fcolare jude\u0163ene\/al Municipiului Bucure\u015fti, \u00een perioada 9 februarie \u2013 1 martie 2026.<\/p>","protected":false},"excerpt":{"rendered":"<p>\u201dAm lansat \u00een consultare public\u0103 Proiectul de\u00a0Ordin\u00a0al ministrului educa\u0163iei \u015fi cercet\u0103rii privind structura anului \u015fcolar&hellip;<\/p>\n","protected":false},"author":0,"featured_media":31118,"comment_status":"open","ping_status":"open","sticky":false,"template":"","format":"standard","meta":{"footnotes":""},"categories":[2],"tags":[],"class_list":["post-31117","post","type-post","status-publish","format-standard","has-post-thumbnail","hentry","category-actual"],"_links":{"self":[{"href":"https:\/\/247stiri.ro\/index.php\/wp-json\/wp\/v2\/posts\/31117","targetHints":{"allow":["GET"]}}],"collection":[{"href":"https:\/\/247stiri.ro\/index.php\/wp-json\/wp\/v2\/posts"}],"about":[{"href":"https:\/\/247stiri.ro\/index.php\/wp-json\/wp\/v2\/types\/post"}],"replies":[{"embeddable":true,"href":"https:\/\/247stiri.ro\/index.php\/wp-json\/wp\/v2\/comments?post=31117"}],"version-history":[{"count":0,"href":"https:\/\/247stiri.ro\/index.php\/wp-json\/wp\/v2\/posts\/31117\/revisions"}],"wp:featuredmedia":[{"embeddable":true,"href":"https:\/\/247stiri.ro\/index.php\/wp-json\/wp\/v2\/media\/31118"}],"wp:attachment":[{"href":"https:\/\/247stiri.ro\/index.php\/wp-json\/wp\/v2\/media?parent=31117"}],"wp:term":[{"taxonomy":"category","embeddable":true,"href":"https:\/\/247stiri.ro\/index.php\/wp-json\/wp\/v2\/categories?post=31117"},{"taxonomy":"post_tag","embeddable":true,"href":"https:\/\/247stiri.ro\/index.php\/wp-json\/wp\/v2\/tags?post=31117"}],"curies":[{"name":"wp","href":"https:\/\/api.w.org\/{rel}","templated":true}]}}