{"id":31120,"date":"2025-02-12T11:44:50","date_gmt":"2025-02-12T11:44:50","guid":{"rendered":"https:\/\/247stiri.ro\/index.php\/2025\/02\/12\/romanii-s-au-dezlantuit-in-ziua-debarcarii-lui-iohannis-de-la-cotroceni-ce-era-romania-distrusa-dar-asta-in-10-ani-a-bagat-o-in-pamant\/"},"modified":"2025-02-12T11:44:50","modified_gmt":"2025-02-12T11:44:50","slug":"romanii-s-au-dezlantuit-in-ziua-debarcarii-lui-iohannis-de-la-cotroceni-ce-era-romania-distrusa-dar-asta-in-10-ani-a-bagat-o-in-pamant","status":"publish","type":"post","link":"https:\/\/247stiri.ro\/index.php\/2025\/02\/12\/romanii-s-au-dezlantuit-in-ziua-debarcarii-lui-iohannis-de-la-cotroceni-ce-era-romania-distrusa-dar-asta-in-10-ani-a-bagat-o-in-pamant\/","title":{"rendered":"Rom\u00e2nii s-au dezl\u0103n\u021buit \u00een ziua debarc\u0103rii lui Iohannis de la Cotroceni: \u201dCe era Rom\u00e2nia distrus\u0103, dar \u0103sta, \u00een 10 ani, a b\u0103gat-o \u00een p\u0103m\u00e2nt!\u201d"},"content":{"rendered":"<p>\u00cen timp ce <a href=\"https:\/\/www.realitatea.net\/stiri\/politica\/final-de-mandat-pentru-klaus-iohannis-ilie-bolojan-preia-interimatul-la-palatul-cotroceni_67ac322748655e4f10321692\" target=\"_blank\">faraonul de la Cotroceni<\/a> \u00eei preda \u0219tafeta lui Ilie Bolojan, care va asigura interimatul p\u00e2n\u0103 la alegerea viitorului pre\u0219edinte al \u021b\u0103rii, rom\u00e2nii revolta\u021bi de atitudinea mizerabil\u0103 cu care au fost trata\u021bi de cel care ar fi trebuit s\u0103 vegheze bun\u0103starea lor \u0219i a Rom\u00e2niei au r\u0103bufnit.\u00a0<\/p>\n<p>Pe re\u021belele de socializare, mii de cet\u0103\u021beni au lansat atacuri dure la adresa faraonului demisionar pe care l-au acuzat de distrugerea \u021b\u0103rii \u0219i au subliniat c\u0103 trebuie s\u0103 r\u0103spund\u0103 \u00een fa\u021ba legii pentru toate faptele sale.\u00a0<\/p>\n<p>\u201dCe era Rom\u00e2nia distrus\u0103 dar \u0103sta \u00een 10 ani a b\u0103gat-o \u00een p\u0103m\u00e2nt.\u00a0<\/p>\n<p>Trebuia a\u0219teptat de mascati \u0219i dus \u00een alta parte&#8230;.<\/p>\n<p>Ru\u0219ine armatei ca au stat ca slugile docile \u00een frig cu capu plecat \u00een fa\u021ba unui DICTATOR&#8230;TREBUIA S\u0102 PLECE CU C\u0102TU\u0218E LA M\u00c2INI DIRECT LA PU\u0218C\u0102RIE. HOOOOO.Bolojan d\u0103-\u021bi demisia \u0219i tu e\u0219ti \u00een \u0219obolan&#8230;Vrem turul doi vrem pe C\u0103lin Georgescu Pre\u0219edinte.<\/p>\n<p>C\u00e2t\u0103 mascarad\u0103 pentru groparul acestei \u021b\u0103ri!<\/p>\n<p>F\u0103r\u0103 onoare p\u00e2n\u0103 la cap\u0103t!!!<\/p>\n<p>A plecat tr\u00e2ntorul!<\/p>\n<p>\u0218i-a luat magne\u021bii de pe frigider\u201d, sunt doar o parte dintre comentariile pe care rom\u00e2nii le-au l\u0103sat pe re\u021belele de socializare, \u00een ziua \u00een care pre\u0219edintele ilegitim a plecat de la c\u00e2rma \u021b\u0103rii f\u0103r\u0103 s\u0103 dea vreo explica\u021bie.\u00a0<\/p>","protected":false},"excerpt":{"rendered":"<p>\u00cen timp ce faraonul de la Cotroceni \u00eei preda \u0219tafeta lui Ilie Bolojan, care va&hellip;<\/p>\n","protected":false},"author":0,"featured_media":31110,"comment_status":"open","ping_status":"open","sticky":false,"template":"","format":"standard","meta":{"footnotes":""},"categories":[2],"tags":[],"class_list":["post-31120","post","type-post","status-publish","format-standard","has-post-thumbnail","hentry","category-actual"],"_links":{"self":[{"href":"https:\/\/247stiri.ro\/index.php\/wp-json\/wp\/v2\/posts\/31120","targetHints":{"allow":["GET"]}}],"collection":[{"href":"https:\/\/247stiri.ro\/index.php\/wp-json\/wp\/v2\/posts"}],"about":[{"href":"https:\/\/247stiri.ro\/index.php\/wp-json\/wp\/v2\/types\/post"}],"replies":[{"embeddable":true,"href":"https:\/\/247stiri.ro\/index.php\/wp-json\/wp\/v2\/comments?post=31120"}],"version-history":[{"count":0,"href":"https:\/\/247stiri.ro\/index.php\/wp-json\/wp\/v2\/posts\/31120\/revisions"}],"wp:featuredmedia":[{"embeddable":true,"href":"https:\/\/247stiri.ro\/index.php\/wp-json\/wp\/v2\/media\/31110"}],"wp:attachment":[{"href":"https:\/\/247stiri.ro\/index.php\/wp-json\/wp\/v2\/media?parent=31120"}],"wp:term":[{"taxonomy":"category","embeddable":true,"href":"https:\/\/247stiri.ro\/index.php\/wp-json\/wp\/v2\/categories?post=31120"},{"taxonomy":"post_tag","embeddable":true,"href":"https:\/\/247stiri.ro\/index.php\/wp-json\/wp\/v2\/tags?post=31120"}],"curies":[{"name":"wp","href":"https:\/\/api.w.org\/{rel}","templated":true}]}}