{"id":31126,"date":"2025-02-12T12:44:47","date_gmt":"2025-02-12T12:44:47","guid":{"rendered":"https:\/\/247stiri.ro\/index.php\/2025\/02\/12\/bolojan-tacere-sfidatoare-a-refuzat-sa-spuna-de-ce-a-anulat-programul-senatului-anca-alexandrescu-in-spatele-lui-sunt-coldea-kovesi-sorosistii\/"},"modified":"2025-02-12T12:44:47","modified_gmt":"2025-02-12T12:44:47","slug":"bolojan-tacere-sfidatoare-a-refuzat-sa-spuna-de-ce-a-anulat-programul-senatului-anca-alexandrescu-in-spatele-lui-sunt-coldea-kovesi-sorosistii","status":"publish","type":"post","link":"https:\/\/247stiri.ro\/index.php\/2025\/02\/12\/bolojan-tacere-sfidatoare-a-refuzat-sa-spuna-de-ce-a-anulat-programul-senatului-anca-alexandrescu-in-spatele-lui-sunt-coldea-kovesi-sorosistii\/","title":{"rendered":"Bolojan, t\u0103cere sfid\u0103toare: a REFUZAT s\u0103 spun\u0103 de ce a anulat programul Senatului. Anca Alexandrescu: \u00cen spatele lui sunt Coldea, Kovesi, sorosi\u0219tii"},"content":{"rendered":"<p>&#8222;Am anun\u021bat \u00eenc\u0103 de s\u0103pt\u0103m\u00e2na trecut\u0103 c\u0103 acesta este planul. Faptul c\u0103 Bolojan a t\u0103iat orice activitate la Senat de fric\u0103 s\u0103 nu fie \u00eenl\u0103turat \u0219i s\u0103 nu ajung\u0103 la Palatul Cotroceni confirm\u0103 ceea ce am spus: c\u0103 este un plan al sistemului \u0219i al sorosi\u0219tilor de a pune m\u00e2na chiar \u0219i pe aceast\u0103 prezen\u021b\u0103 interimar\u0103 la Cotroceni de 3 luni de zile pentru a face ni\u0219te numiri&#8221;, a declarat miercuri Anca Alexandrescu \u00eentr-o interven\u021bie telefonic\u0103 la Realitatea PLUS.\u00a0<\/p>\n<p>Potrivit moderatoarei emisiunii &#8222;Culisele Statului Paralel&#8221;, este foarte clar c\u0103 Ilie Bolojan \u0219i oamenii din spatele s\u0103u \u0219i-au dorit &#8222;foarte tare s\u0103 ajung\u0103 la acest interimat&#8221;. Jurnalista a subliniat, \u00een context, c\u0103 nu este r\u0103u c\u0103 a plecat Klaus Iohannis. &#8222;Este foarte bine, important este ce se \u00eent\u00e2mpl\u0103 \u00eens\u0103 \u00een aceste 3 luni&#8221;.<\/p>\n<p>&#8222;\u00cen timp ce noi vorbim acuma \u00een direct, la un post de radio &#8211; care se \u0219tie c\u0103 este un post globalist, cu ni\u0219te personaje care sunt globaliste: Cristian Tudor Popescu, C\u0103t\u0103lin Striblea &#8211; dl. Cristian Tudor Popescu \u00eei cere lui Ilie Bolojan ca primul lucru pe care s\u0103-l fac\u0103, s\u0103 numeasc\u0103 \u0219ef la SRI. Nu poate s\u0103 fac\u0103 dl. Bolojan asta. Eventual, el poate doar s\u0103 propun\u0103 \u0219i Parlamentul s\u0103 voteze \u0219i nu cred c\u0103 Parlamentul va vota a\u0219a ceva. Asta confirm\u0103 c\u0103 exist\u0103 un plan despre care am vorbit \u00eenc\u0103 de s\u0103pt\u0103m\u00e2na trecut\u0103, \u0219i anume aceste personaje s\u0103 vin\u0103 acuma la putere &#8211; pentru c\u0103 \u00een spatele dl. Bolojan este Florian Coldea, dna Kovesi \u0219i acea ga\u0219c\u0103 sorosi\u0219t\u0103 &#8211;\u00a0 pentru c\u0103 a\u021bi v\u0103zut-o pe Maia Sandu, care a mers pe furi\u0219 la Ilie Bolojan, la Oradea, pe dl. Boc care era lipit de dl Bolojan. Este aceast\u0103 ga\u0219c\u0103 &#8211; pe l\u00e2ng\u0103 faptul c\u0103 PDL-ul a pus m\u00e2na pe PNL acuma ;i nu mai este PNL, este PDL. Se \u00eent\u00e2mpl\u0103 aceast\u0103 preluare ostil\u0103 a sorosi\u0219tilor la conducerea Rom\u00e2niei&#8221;, a mai spus jurnalista.\u00a0<\/p>\n<p>\u00cen opina sa, planul este urm\u0103torul: &#8222;s\u0103 \u00eencerce s\u0103 pun\u0103 \u0219ef la SRI, s\u0103 \u00eencerce s\u0103 numeasc\u0103 &#8211; aten\u021bie! &#8211; sunt 3 judec\u0103tori noi la CCR \u00eencep\u00e2nd cu luna mai. \u00cenainte s\u0103 fie alegerile trebuie s\u0103 fie numi\u021bi. Unul dintre ei este numit de pre\u0219edintele Rom\u00e2niei prin decret preziden\u021bial. Apoi trebuie f\u0103cute ni\u0219te numiri la ICCJ \u0219i apoi \u0219efii de parchete. \u0102sta este scopul lor acuma &#8211; s\u0103 repun\u0103 m\u00e2na pe Justi\u021bie \u0219i pe sistem&#8221;.\u00a0<\/p>\n<p>&#8222;Au fost sco\u0219i din Justi\u021bie \u0219i acum vor s\u0103 recucereasc\u0103 prin sorosistul Ilie Bolojan&#8221;, a mai spus Anca Alexandrescu.<\/p>","protected":false},"excerpt":{"rendered":"<p>&#8222;Am anun\u021bat \u00eenc\u0103 de s\u0103pt\u0103m\u00e2na trecut\u0103 c\u0103 acesta este planul. Faptul c\u0103 Bolojan a t\u0103iat&hellip;<\/p>\n","protected":false},"author":0,"featured_media":31127,"comment_status":"open","ping_status":"open","sticky":false,"template":"","format":"standard","meta":{"footnotes":""},"categories":[3],"tags":[],"class_list":["post-31126","post","type-post","status-publish","format-standard","has-post-thumbnail","hentry","category-politica"],"_links":{"self":[{"href":"https:\/\/247stiri.ro\/index.php\/wp-json\/wp\/v2\/posts\/31126","targetHints":{"allow":["GET"]}}],"collection":[{"href":"https:\/\/247stiri.ro\/index.php\/wp-json\/wp\/v2\/posts"}],"about":[{"href":"https:\/\/247stiri.ro\/index.php\/wp-json\/wp\/v2\/types\/post"}],"replies":[{"embeddable":true,"href":"https:\/\/247stiri.ro\/index.php\/wp-json\/wp\/v2\/comments?post=31126"}],"version-history":[{"count":0,"href":"https:\/\/247stiri.ro\/index.php\/wp-json\/wp\/v2\/posts\/31126\/revisions"}],"wp:featuredmedia":[{"embeddable":true,"href":"https:\/\/247stiri.ro\/index.php\/wp-json\/wp\/v2\/media\/31127"}],"wp:attachment":[{"href":"https:\/\/247stiri.ro\/index.php\/wp-json\/wp\/v2\/media?parent=31126"}],"wp:term":[{"taxonomy":"category","embeddable":true,"href":"https:\/\/247stiri.ro\/index.php\/wp-json\/wp\/v2\/categories?post=31126"},{"taxonomy":"post_tag","embeddable":true,"href":"https:\/\/247stiri.ro\/index.php\/wp-json\/wp\/v2\/tags?post=31126"}],"curies":[{"name":"wp","href":"https:\/\/api.w.org\/{rel}","templated":true}]}}