{"id":31128,"date":"2025-02-12T12:44:48","date_gmt":"2025-02-12T12:44:48","guid":{"rendered":"https:\/\/247stiri.ro\/index.php\/2025\/02\/12\/presedintele-interimar-al-senatului-laude-la-adresa-lui-bolojan-un-adept-al-transparentei\/"},"modified":"2025-02-12T12:44:48","modified_gmt":"2025-02-12T12:44:48","slug":"presedintele-interimar-al-senatului-laude-la-adresa-lui-bolojan-un-adept-al-transparentei","status":"publish","type":"post","link":"https:\/\/247stiri.ro\/index.php\/2025\/02\/12\/presedintele-interimar-al-senatului-laude-la-adresa-lui-bolojan-un-adept-al-transparentei\/","title":{"rendered":"Pre\u0219edintele interimar al Senatului, laude la adresa lui Bolojan: \u201dUn adept al transparen\u021bei\u201d"},"content":{"rendered":"<p>Liberalul consider\u0103 c\u0103 e nevoie de c\u00e2t mai mult\u0103 transparen\u0163\u0103 \u00een cheltuirea banului public, indiferent de pozi\u0163iile sau de nivelul ierarhic.<\/p>\n<p>\u201eEu cred c\u0103, a\u015fa cum a comunicat domnul Ilie Bolojan \u015fi, p\u00e2n\u0103 la urm\u0103, este \u015fi pozi\u0163ia Partidului Na\u0163ional Liberal, este nevoie de c\u00e2t mai mult\u0103 transparen\u0163\u0103 \u00een cheltuirea banului public, indiferent de pozi\u0163iile sau de nivelul ierarhic.<\/p>\n<p>Cu c\u00e2t avem mai mult\u0103 transparen\u0163\u0103, cu at\u00e2t evit\u0103m mai multe suspiciuni \u00een r\u00e2ndul cet\u0103\u0163enilor. E c\u00e2t se poate de clar acest lucru. Eu \u015ftiu c\u0103 domnul Bolojan este un adept al transparen\u0163ei \u015fi cred c\u0103 vom vedea, \u00een aceast\u0103 perioad\u0103 de interimat, cum va gestiona acest punct sensibil cu privire la cheltuielile secretizate, s\u0103 spunem. Exist\u0103 motive temeinice pentru secretizarea unor informa\u0163ii, cu siguran\u0163\u0103, la acest nivel, dar, pe de alt\u0103 parte, cred c\u0103 e bine s\u0103 cunoa\u015ftem c\u00e2t mai multe lucruri, pentru ca oamenii s\u0103 nu simt\u0103 c\u0103 li se ascund informa\u0163ii importante\u201d, a declarat Mircea Abrudean la un post de televiziune, \u00eentrebat despre desecretizarea unor cheltuieli f\u0103cute din banii publici, inclusiv pentru deplas\u0103rile lui Klaus Iohannis \u00een str\u0103in\u0103tate, cu avioane private.<\/p>\n<p>\u00centrebat dac\u0103 Ilie Bolojan va face lumin\u0103 \u00een privin\u0163a anul\u0103rii alegerilor preziden\u0163iale, de anul trecut, Mircea Abrudean a r\u0103spuns: \u201eCred c\u0103 dup\u0103 ce va ajunge imediat la Cotroceni \u015fi va face o analiz\u0103 asupra situa\u0163iei va decide \u015fi va comunica pe acest subiect, sunt convins de asta\u201d.<\/p>","protected":false},"excerpt":{"rendered":"<p>Liberalul consider\u0103 c\u0103 e nevoie de c\u00e2t mai mult\u0103 transparen\u0163\u0103 \u00een cheltuirea banului public, indiferent&hellip;<\/p>\n","protected":false},"author":0,"featured_media":31129,"comment_status":"open","ping_status":"open","sticky":false,"template":"","format":"standard","meta":{"footnotes":""},"categories":[2],"tags":[],"class_list":["post-31128","post","type-post","status-publish","format-standard","has-post-thumbnail","hentry","category-actual"],"_links":{"self":[{"href":"https:\/\/247stiri.ro\/index.php\/wp-json\/wp\/v2\/posts\/31128","targetHints":{"allow":["GET"]}}],"collection":[{"href":"https:\/\/247stiri.ro\/index.php\/wp-json\/wp\/v2\/posts"}],"about":[{"href":"https:\/\/247stiri.ro\/index.php\/wp-json\/wp\/v2\/types\/post"}],"replies":[{"embeddable":true,"href":"https:\/\/247stiri.ro\/index.php\/wp-json\/wp\/v2\/comments?post=31128"}],"version-history":[{"count":0,"href":"https:\/\/247stiri.ro\/index.php\/wp-json\/wp\/v2\/posts\/31128\/revisions"}],"wp:featuredmedia":[{"embeddable":true,"href":"https:\/\/247stiri.ro\/index.php\/wp-json\/wp\/v2\/media\/31129"}],"wp:attachment":[{"href":"https:\/\/247stiri.ro\/index.php\/wp-json\/wp\/v2\/media?parent=31128"}],"wp:term":[{"taxonomy":"category","embeddable":true,"href":"https:\/\/247stiri.ro\/index.php\/wp-json\/wp\/v2\/categories?post=31128"},{"taxonomy":"post_tag","embeddable":true,"href":"https:\/\/247stiri.ro\/index.php\/wp-json\/wp\/v2\/tags?post=31128"}],"curies":[{"name":"wp","href":"https:\/\/api.w.org\/{rel}","templated":true}]}}