{"id":31133,"date":"2025-02-12T12:44:49","date_gmt":"2025-02-12T12:44:49","guid":{"rendered":"https:\/\/247stiri.ro\/index.php\/2025\/02\/12\/iohannis-ar-putea-primi-vila-de-protocol-din-care-a-fost-evacuat-traian-basescu-unde-va-sta-faraonul-dupa-10-ani-de-dezmat\/"},"modified":"2025-02-12T12:44:49","modified_gmt":"2025-02-12T12:44:49","slug":"iohannis-ar-putea-primi-vila-de-protocol-din-care-a-fost-evacuat-traian-basescu-unde-va-sta-faraonul-dupa-10-ani-de-dezmat","status":"publish","type":"post","link":"https:\/\/247stiri.ro\/index.php\/2025\/02\/12\/iohannis-ar-putea-primi-vila-de-protocol-din-care-a-fost-evacuat-traian-basescu-unde-va-sta-faraonul-dupa-10-ani-de-dezmat\/","title":{"rendered":"Iohannis ar putea primi vila de protocol din care a fost evacuat Traian B\u0103sescu. Unde va sta faraonul dup\u0103 10 ani de dezm\u0103\u021b"},"content":{"rendered":"<p>Este vorba despre casa de protocol din cartierul Prim\u0103verii \u00een care Traian B\u0103secu a stat \u00eencep\u00e2nd din anul 2015 \u0219i p\u00e2n\u0103 \u00een anul 2022, atunci c\u00e2nd a fost evacuat \u00een urma unei sentin\u021be definitive dat\u0103 de judec\u0103torii \u00cenaltei Cur\u021bi de Casa\u021bie \u0219i Justi\u021bie.<\/p>\n<p>Pe data de 23 martie 2022, Traian B\u0103sescu \u0219i-a pierdut toate drepturile de fost pre\u0219edinte al Rom\u00e2niei, dup\u0103 ce a fost declarat colaborator al Secutit\u0103\u021bii comuniste.\u00a0<\/p>\n<p>Ulterior, Administra\u021bia Preziden\u021bial\u0103 i-a retras fostului \u0219ef al statului indemniza\u021bia lunar\u0103 de 75% din cea pe care o prime\u0219te pre\u0219edintele \u00een func\u021bie, i-a fost retras contractul de munc\u0103 pentru consilierul s\u0103u, pl\u0103tit tot de Administra\u021bia Preziden\u021bial\u0103, paza \u0219i protec\u021bia, dar \u0219i dreptul de a ocupa o vil\u0103 de protocol.<\/p>\n<p>De\u0219i avea la dispozi\u021bie 60 de zile pentru a elibera casa de la stat, Traian B\u0103sescu a decis s\u0103 evacueze vila din Prim\u0103verii la numai o lun\u0103 de la primirea ordinului de evacuare.\u00a0<\/p>\n<p>Cu toate acestea, fostul pre\u0219edinte nu a renun\u021bat \u0219i a ac\u021bionat \u00een instan\u021b\u0103 Administra\u021bia Patrimoniului Protocolului de Stat R.A. (RAAPPS).<\/p>\n<p>Mai mult, \u00een \u00eencercarea de a rec\u00e2\u0219tiga imobilul din care a fost dat afar\u0103 \u00een 2022, B\u0103sescu a \u00eencearc\u0103 s\u0103 modifice \u0219i legea care l-a l\u0103sat f\u0103r\u0103 casa de protocol.<\/p>\n<p>\u00a0<\/p>","protected":false},"excerpt":{"rendered":"<p>Este vorba despre casa de protocol din cartierul Prim\u0103verii \u00een care Traian B\u0103secu a stat&hellip;<\/p>\n","protected":false},"author":0,"featured_media":31134,"comment_status":"open","ping_status":"open","sticky":false,"template":"","format":"standard","meta":{"footnotes":""},"categories":[2],"tags":[],"class_list":["post-31133","post","type-post","status-publish","format-standard","has-post-thumbnail","hentry","category-actual"],"_links":{"self":[{"href":"https:\/\/247stiri.ro\/index.php\/wp-json\/wp\/v2\/posts\/31133","targetHints":{"allow":["GET"]}}],"collection":[{"href":"https:\/\/247stiri.ro\/index.php\/wp-json\/wp\/v2\/posts"}],"about":[{"href":"https:\/\/247stiri.ro\/index.php\/wp-json\/wp\/v2\/types\/post"}],"replies":[{"embeddable":true,"href":"https:\/\/247stiri.ro\/index.php\/wp-json\/wp\/v2\/comments?post=31133"}],"version-history":[{"count":0,"href":"https:\/\/247stiri.ro\/index.php\/wp-json\/wp\/v2\/posts\/31133\/revisions"}],"wp:featuredmedia":[{"embeddable":true,"href":"https:\/\/247stiri.ro\/index.php\/wp-json\/wp\/v2\/media\/31134"}],"wp:attachment":[{"href":"https:\/\/247stiri.ro\/index.php\/wp-json\/wp\/v2\/media?parent=31133"}],"wp:term":[{"taxonomy":"category","embeddable":true,"href":"https:\/\/247stiri.ro\/index.php\/wp-json\/wp\/v2\/categories?post=31133"},{"taxonomy":"post_tag","embeddable":true,"href":"https:\/\/247stiri.ro\/index.php\/wp-json\/wp\/v2\/tags?post=31133"}],"curies":[{"name":"wp","href":"https:\/\/api.w.org\/{rel}","templated":true}]}}