{"id":31148,"date":"2025-02-12T13:46:20","date_gmt":"2025-02-12T13:46:20","guid":{"rendered":"https:\/\/247stiri.ro\/index.php\/2025\/02\/12\/motivul-bizar-pentru-care-un-oras-din-romania-nu-a-renuntat-inca-la-decoratiunile-de-craciun-luminitele-sunt-aprinse-in-fiecare-seara\/"},"modified":"2025-02-12T13:46:20","modified_gmt":"2025-02-12T13:46:20","slug":"motivul-bizar-pentru-care-un-oras-din-romania-nu-a-renuntat-inca-la-decoratiunile-de-craciun-luminitele-sunt-aprinse-in-fiecare-seara","status":"publish","type":"post","link":"https:\/\/247stiri.ro\/index.php\/2025\/02\/12\/motivul-bizar-pentru-care-un-oras-din-romania-nu-a-renuntat-inca-la-decoratiunile-de-craciun-luminitele-sunt-aprinse-in-fiecare-seara\/","title":{"rendered":"Motivul bizar pentru care un ora\u0219 din Rom\u00e2nia nu a renun\u021bat \u00eenc\u0103 la decora\u021biunile de Cr\u0103ciun. Lumini\u021bele sunt aprinse \u00een fiecare sear\u0103"},"content":{"rendered":"<p>De\u0219i se apropie luna martie, autorit\u0103\u021bile din municipiul Br\u0103ila nu au demontat nici acum decora\u021biunile de <a href=\"https:\/\/www.realitatea.net\/stiri\/lifestyle\/brazii-de-craciun-colectati-gratuit-in-sectorul-4-de-la-ghenele-blocurilor_677e5488ea19724a7d13d232\" target=\"_blank\">Cr\u0103ciun<\/a>. Mai mult, bradul este \u00eenc\u0103 \u00eempodobit, iar \u00een fiecare sear\u0103, pe unele str\u0103zi, sunt aprinse instala\u021biile luminoase.\u00a0<\/p>\n<p>Autorit\u0103\u021bile spun c\u0103 au decis s\u0103 p\u0103streze decora\u021biunile de Cr\u0103ciun pentru turi\u0219tii care ajung \u00een Br\u0103ila, dar \u0219i pentru c\u0103 instala\u021biile func\u021bioneaz\u0103 pe baz\u0103 de leduri \u0219i consum\u0103 foarte pu\u021bin\u0103 energie electric\u0103.<\/p>\n<p>Decizia autorit\u0103\u021bilor locale i-a bucurat pe unii localnici, \u00eens\u0103 al\u021bii sunt de p\u0103rere c\u0103 le-a trecut vremea acestor ornamente \u0219i c\u0103 facturile sunt pl\u0103tite din banii contribuabililor.<\/p>\n<p>Se pare c\u0103 acest obicei a devenit o tradi\u021bie \u00een municipiul Br\u0103ila \u0219i asta pentru c\u0103 anul trecut, decora\u021biunile de Cr\u0103ciun au fost str\u00e2nse \u00een apropiere de S\u0103rb\u0103torile Pascale.\u00a0<\/p>","protected":false},"excerpt":{"rendered":"<p>De\u0219i se apropie luna martie, autorit\u0103\u021bile din municipiul Br\u0103ila nu au demontat nici acum decora\u021biunile&hellip;<\/p>\n","protected":false},"author":0,"featured_media":31149,"comment_status":"open","ping_status":"open","sticky":false,"template":"","format":"standard","meta":{"footnotes":""},"categories":[2],"tags":[],"class_list":["post-31148","post","type-post","status-publish","format-standard","has-post-thumbnail","hentry","category-actual"],"_links":{"self":[{"href":"https:\/\/247stiri.ro\/index.php\/wp-json\/wp\/v2\/posts\/31148","targetHints":{"allow":["GET"]}}],"collection":[{"href":"https:\/\/247stiri.ro\/index.php\/wp-json\/wp\/v2\/posts"}],"about":[{"href":"https:\/\/247stiri.ro\/index.php\/wp-json\/wp\/v2\/types\/post"}],"replies":[{"embeddable":true,"href":"https:\/\/247stiri.ro\/index.php\/wp-json\/wp\/v2\/comments?post=31148"}],"version-history":[{"count":0,"href":"https:\/\/247stiri.ro\/index.php\/wp-json\/wp\/v2\/posts\/31148\/revisions"}],"wp:featuredmedia":[{"embeddable":true,"href":"https:\/\/247stiri.ro\/index.php\/wp-json\/wp\/v2\/media\/31149"}],"wp:attachment":[{"href":"https:\/\/247stiri.ro\/index.php\/wp-json\/wp\/v2\/media?parent=31148"}],"wp:term":[{"taxonomy":"category","embeddable":true,"href":"https:\/\/247stiri.ro\/index.php\/wp-json\/wp\/v2\/categories?post=31148"},{"taxonomy":"post_tag","embeddable":true,"href":"https:\/\/247stiri.ro\/index.php\/wp-json\/wp\/v2\/tags?post=31148"}],"curies":[{"name":"wp","href":"https:\/\/api.w.org\/{rel}","templated":true}]}}