{"id":31152,"date":"2025-02-12T13:46:21","date_gmt":"2025-02-12T13:46:21","guid":{"rendered":"https:\/\/247stiri.ro\/index.php\/2025\/02\/12\/maia-sandu-mesaj-la-incheierea-mandatului-lui-klaus-iohannis-relatiile-dintre-cele-doua-maluri-ale-prutului-sunt-astazi-mai-puternice-si-mai-cuprinzatoare\/"},"modified":"2025-02-12T13:46:21","modified_gmt":"2025-02-12T13:46:21","slug":"maia-sandu-mesaj-la-incheierea-mandatului-lui-klaus-iohannis-relatiile-dintre-cele-doua-maluri-ale-prutului-sunt-astazi-mai-puternice-si-mai-cuprinzatoare","status":"publish","type":"post","link":"https:\/\/247stiri.ro\/index.php\/2025\/02\/12\/maia-sandu-mesaj-la-incheierea-mandatului-lui-klaus-iohannis-relatiile-dintre-cele-doua-maluri-ale-prutului-sunt-astazi-mai-puternice-si-mai-cuprinzatoare\/","title":{"rendered":"Maia Sandu, mesaj la \u00eencheierea mandatului lui Klaus Iohannis: &#8222;Rela\u021biile dintre cele dou\u0103 maluri ale Prutului sunt ast\u0103zi mai puternice \u0219i mai cuprinz\u0103toare&#8221;"},"content":{"rendered":"<p>\u201eRela\u021biile dintre cele dou\u0103 maluri ale Prutului sunt ast\u0103zi mai puternice \u0219i mai cuprinz\u0103toare ca oric\u00e2nd. Republica Moldova a avut la Bucure\u0219ti \u00een ace\u0219ti ani grei un prieten de n\u0103dejde.<\/p>\n<p>\u00cen timpul mandatului pre\u0219edintelui Klaus Iohannis, am putut s\u0103 cont\u0103m mereu pe ajutorul Rom\u00e2niei &#8211; de la furnizarea de energie la proiecte de infrastructur\u0103 local\u0103 \u00een satele noastre, de la vaccinuri \u00een pandemie la construc\u021bia de noi poduri, la propriu \u0219i la figurat.<\/p>\n<p>Economia noastr\u0103 este mai puternic\u0103 datorit\u0103 investi\u021biilor rom\u00e2ne\u0219ti &#8211; iar multe din \u0219colile \u0219i gr\u0103dini\u021bele noastre arat\u0103 mai bine datorit\u0103 sprijinului generos de care am beneficiat.<\/p>\n<p>Drumul nostru european nu ar fi fost posibil f\u0103r\u0103 sus\u021binerea sincer\u0103 \u0219i necondi\u021bionat\u0103 a Rom\u00e2niei. \u00cen numele cet\u0103\u021benilor Republicii Moldova, \u00eei mul\u021bumesc pre\u0219edintelui Klaus Iohannis pentru tot ce am realizat \u00eempreun\u0103.<\/p>\n<p>Am convingerea c\u0103 pe acest fundament solid vom continua s\u0103 cl\u0103dim un viitor sigur \u0219i prosper, uni\u021bi de aceea\u0219i limb\u0103, istorie, cultur\u0103, valori \u0219i aspira\u021bii!\u201d, a declarat Maia Sandu.<\/p>","protected":false},"excerpt":{"rendered":"<p>\u201eRela\u021biile dintre cele dou\u0103 maluri ale Prutului sunt ast\u0103zi mai puternice \u0219i mai cuprinz\u0103toare ca&hellip;<\/p>\n","protected":false},"author":0,"featured_media":31153,"comment_status":"open","ping_status":"open","sticky":false,"template":"","format":"standard","meta":{"footnotes":""},"categories":[2],"tags":[],"class_list":["post-31152","post","type-post","status-publish","format-standard","has-post-thumbnail","hentry","category-actual"],"_links":{"self":[{"href":"https:\/\/247stiri.ro\/index.php\/wp-json\/wp\/v2\/posts\/31152","targetHints":{"allow":["GET"]}}],"collection":[{"href":"https:\/\/247stiri.ro\/index.php\/wp-json\/wp\/v2\/posts"}],"about":[{"href":"https:\/\/247stiri.ro\/index.php\/wp-json\/wp\/v2\/types\/post"}],"replies":[{"embeddable":true,"href":"https:\/\/247stiri.ro\/index.php\/wp-json\/wp\/v2\/comments?post=31152"}],"version-history":[{"count":0,"href":"https:\/\/247stiri.ro\/index.php\/wp-json\/wp\/v2\/posts\/31152\/revisions"}],"wp:featuredmedia":[{"embeddable":true,"href":"https:\/\/247stiri.ro\/index.php\/wp-json\/wp\/v2\/media\/31153"}],"wp:attachment":[{"href":"https:\/\/247stiri.ro\/index.php\/wp-json\/wp\/v2\/media?parent=31152"}],"wp:term":[{"taxonomy":"category","embeddable":true,"href":"https:\/\/247stiri.ro\/index.php\/wp-json\/wp\/v2\/categories?post=31152"},{"taxonomy":"post_tag","embeddable":true,"href":"https:\/\/247stiri.ro\/index.php\/wp-json\/wp\/v2\/tags?post=31152"}],"curies":[{"name":"wp","href":"https:\/\/api.w.org\/{rel}","templated":true}]}}