{"id":31161,"date":"2025-02-12T14:44:52","date_gmt":"2025-02-12T14:44:52","guid":{"rendered":"https:\/\/247stiri.ro\/index.php\/2025\/02\/12\/decizie-de-ultima-ora-in-cazul-studentul-care-i-a-dat-foc-profesorului-de-matematica-in-sala-de-curs\/"},"modified":"2025-02-12T14:44:52","modified_gmt":"2025-02-12T14:44:52","slug":"decizie-de-ultima-ora-in-cazul-studentul-care-i-a-dat-foc-profesorului-de-matematica-in-sala-de-curs","status":"publish","type":"post","link":"https:\/\/247stiri.ro\/index.php\/2025\/02\/12\/decizie-de-ultima-ora-in-cazul-studentul-care-i-a-dat-foc-profesorului-de-matematica-in-sala-de-curs\/","title":{"rendered":"Decizie de ultim\u0103 or\u0103 \u00een cazul studentul care i-a dat foc profesorului de matematic\u0103 \u00een sala de curs"},"content":{"rendered":"<p>Instan\u021ba de apel a men\u021binut decizia Tribunalului Constan\u021ba prin care s-a decis \u00eenlocuirea m\u0103sura arest\u0103rii preventive cu cea a arestului la domiciliu, pe o durat\u0103 de 30 zile.<\/p>\n<p>Procurorii au contestat decizia tribunalului, \u00eens\u0103 azi Curtea de Apel le-a respins ac\u021biunea, potrivit\u00a0<a href=\"https:\/\/ziarulamprenta.ro\/stirile-zilei\/oficial-studentul-de-la-ovidius-acuzat-ca-si-ar-fi-incendiat-profesorul-eliberat-din-arest\/380310\/\">Ziarul Amprenta<\/a>.<\/p>\n<p class=\"selectable-text copyable-text x15bjb6t x1n2onr6\">Solutia pe scurt: \u00cen baza dispozi\u0163iilor art. 425 ind.1 alin.7 pct.1 lit. b din Codul de procedur\u0103 penal\u0103 \u00een referire la art. 206 alin.1 din Codul de procedur\u0103 penal\u0103 respinge, ca nefondat\u0103, contesta\u0163ia, formulat\u0103 de Parchetul de pe l\u00e2ng\u0103 Tribunalul Constan\u0163a \u00eempotriva \u00eencheierii din data de 07.02.2025, pronun\u0163at\u0103 de Tribunalul Constan\u0163a, \u00een dosarul nr.4896\/118\/2024\/a9. \u00cen baza art.275 alin.3 din Codul de procedur\u0103 penal\u0103 cheltuielile judiciare avansate de stat r\u0103m\u00e2n \u00een sarcina acestuia. Definitiv\u0103. Pronun\u0163at\u0103, azi 12.02.2025, prin punerea, la dispozi\u0163ia inculpatului \u015fi a procurorului, prin mijlocirea grefei instan\u0163ei.<\/p>\n<p class=\"selectable-text copyable-text x15bjb6t x1n2onr6\">\u00cen vara anului trecut, sup\u0103rat c\u0103 n-a promovat o restan\u0163\u0103 la Facultatea de Matematic\u0103 \u015fi Informatic\u0103 a Universit\u0103\u0163ii Ovidius din Constan\u021ba, studentul ar fi revenit \u00een laboratorul \u00een care se afla profesorul examinator,\u00a0l-ar fi stropit cu spirt medicinal \u015fi l-ar fi incendiat cu o brichet\u0103, dup\u0103 care ar fi blocat u\u015fa s\u0103lii de curs pentru a-l \u00eempiedica s\u0103 ias\u0103 din \u00eenc\u0103pere<\/p>","protected":false},"excerpt":{"rendered":"<p>Instan\u021ba de apel a men\u021binut decizia Tribunalului Constan\u021ba prin care s-a decis \u00eenlocuirea m\u0103sura arest\u0103rii&hellip;<\/p>\n","protected":false},"author":0,"featured_media":31162,"comment_status":"open","ping_status":"open","sticky":false,"template":"","format":"standard","meta":{"footnotes":""},"categories":[2],"tags":[],"class_list":["post-31161","post","type-post","status-publish","format-standard","has-post-thumbnail","hentry","category-actual"],"_links":{"self":[{"href":"https:\/\/247stiri.ro\/index.php\/wp-json\/wp\/v2\/posts\/31161","targetHints":{"allow":["GET"]}}],"collection":[{"href":"https:\/\/247stiri.ro\/index.php\/wp-json\/wp\/v2\/posts"}],"about":[{"href":"https:\/\/247stiri.ro\/index.php\/wp-json\/wp\/v2\/types\/post"}],"replies":[{"embeddable":true,"href":"https:\/\/247stiri.ro\/index.php\/wp-json\/wp\/v2\/comments?post=31161"}],"version-history":[{"count":0,"href":"https:\/\/247stiri.ro\/index.php\/wp-json\/wp\/v2\/posts\/31161\/revisions"}],"wp:featuredmedia":[{"embeddable":true,"href":"https:\/\/247stiri.ro\/index.php\/wp-json\/wp\/v2\/media\/31162"}],"wp:attachment":[{"href":"https:\/\/247stiri.ro\/index.php\/wp-json\/wp\/v2\/media?parent=31161"}],"wp:term":[{"taxonomy":"category","embeddable":true,"href":"https:\/\/247stiri.ro\/index.php\/wp-json\/wp\/v2\/categories?post=31161"},{"taxonomy":"post_tag","embeddable":true,"href":"https:\/\/247stiri.ro\/index.php\/wp-json\/wp\/v2\/tags?post=31161"}],"curies":[{"name":"wp","href":"https:\/\/api.w.org\/{rel}","templated":true}]}}