{"id":31163,"date":"2025-02-12T14:44:52","date_gmt":"2025-02-12T14:44:52","guid":{"rendered":"https:\/\/247stiri.ro\/index.php\/2025\/02\/12\/vasile-dincu-despre-candidatura-lui-ilie-bolojan-la-presedintie-e-un-om-care-tine-la-cuvantul-pe-care-si-l-a-dat\/"},"modified":"2025-02-12T14:44:52","modified_gmt":"2025-02-12T14:44:52","slug":"vasile-dincu-despre-candidatura-lui-ilie-bolojan-la-presedintie-e-un-om-care-tine-la-cuvantul-pe-care-si-l-a-dat","status":"publish","type":"post","link":"https:\/\/247stiri.ro\/index.php\/2025\/02\/12\/vasile-dincu-despre-candidatura-lui-ilie-bolojan-la-presedintie-e-un-om-care-tine-la-cuvantul-pe-care-si-l-a-dat\/","title":{"rendered":"Vasile D\u00eencu, despre candidatura lui Ilie Bolojan la pre\u0219edin\u021bie: \u201dE un om care \u021bine la cuv\u00e2ntul pe care \u0219i l-a dat\u201d"},"content":{"rendered":"<p>Social-democratul a subliniat c\u0103 de\u0219i \u0219tafeta preziden\u021bial\u0103 i-a fost predat\u0103 lui Ilie Bolojan, \u201dnu se schimb\u0103 nimic\u201d \u00een ceea ce priveste raportarea pe care o are PSD fa\u021b\u0103 de PNL \u00een alian\u021b\u0103 \u0219i fa\u021b\u0103 de candidatul comun la alegerile preziden\u021biale.\u00a0<\/p>\n<p>De asemenea, <a href=\"https:\/\/www.realitatea.net\/stiri\/actual\/vasile-dincu-despre-scenariul-revenirii-lui-ciolacu-in-postura-de-candidat-la-alegerile-prezidentiale_677d4d2d5f0c472de31ce482\" target=\"_blank\">Vasile D\u00eencu <\/a>a \u021binut s\u0103 precizeze faptul c\u0103 PSD, PNL \u0219i UDMR \u0219i-au asumat deja un candidat la alegerile preziden\u021biale, dar \u0219i un program de guvernare.\u00a0<\/p>\n<p>\u201dSigur c\u0103 \u00eempreun\u0103 cu domnul Bolojan, a\u015fa \u00eenc\u00e2t schimbarea unei pozi\u0163ii ar trebui s\u0103 duc\u0103 la coeren\u0163\u0103, mai degrab\u0103, a unei politici pe care \u015fi-au asumat-o cele trei partide \u015fi grupul minorit\u0103\u0163ilor \u00een viitor.<\/p>\n<p>Altfel, dac\u0103 vor face schimb\u0103ri, nu se vor \u0163ine de promisiunile care le-au f\u0103cut electoratului, atunci este un semnal prost pentru alegeri\u201d, a declarat Vasile D\u00eencu.\u00a0<\/p>\n<p>Mai mult, vicepre\u0219edintele PSD a infirmat zvonurile privind o posibil\u0103 candidatur\u0103 a lui Ilie Bolojan la pre\u0219edin\u021bia Rom\u00e2niei \u0219i a men\u021bionat c\u0103 liderul interimar de la Cotroceni este un om de cuv\u00e2nt.\u00a0<\/p>\n<p>\u201dNu cred c\u0103 se va \u00eent\u00e2mpla asta, pentru c\u0103 domnul Bolojan, \u00een primul r\u00e2nd, este un om care \u0163ine la contracte \u015fi la cuv\u00e2ntul pe care \u015fi l-a dat\u201d, a mai spus fostul ministru al Ap\u0103r\u0103rii.\u00a0<\/p>","protected":false},"excerpt":{"rendered":"<p>Social-democratul a subliniat c\u0103 de\u0219i \u0219tafeta preziden\u021bial\u0103 i-a fost predat\u0103 lui Ilie Bolojan, \u201dnu se&hellip;<\/p>\n","protected":false},"author":0,"featured_media":31164,"comment_status":"open","ping_status":"open","sticky":false,"template":"","format":"standard","meta":{"footnotes":""},"categories":[2],"tags":[],"class_list":["post-31163","post","type-post","status-publish","format-standard","has-post-thumbnail","hentry","category-actual"],"_links":{"self":[{"href":"https:\/\/247stiri.ro\/index.php\/wp-json\/wp\/v2\/posts\/31163","targetHints":{"allow":["GET"]}}],"collection":[{"href":"https:\/\/247stiri.ro\/index.php\/wp-json\/wp\/v2\/posts"}],"about":[{"href":"https:\/\/247stiri.ro\/index.php\/wp-json\/wp\/v2\/types\/post"}],"replies":[{"embeddable":true,"href":"https:\/\/247stiri.ro\/index.php\/wp-json\/wp\/v2\/comments?post=31163"}],"version-history":[{"count":0,"href":"https:\/\/247stiri.ro\/index.php\/wp-json\/wp\/v2\/posts\/31163\/revisions"}],"wp:featuredmedia":[{"embeddable":true,"href":"https:\/\/247stiri.ro\/index.php\/wp-json\/wp\/v2\/media\/31164"}],"wp:attachment":[{"href":"https:\/\/247stiri.ro\/index.php\/wp-json\/wp\/v2\/media?parent=31163"}],"wp:term":[{"taxonomy":"category","embeddable":true,"href":"https:\/\/247stiri.ro\/index.php\/wp-json\/wp\/v2\/categories?post=31163"},{"taxonomy":"post_tag","embeddable":true,"href":"https:\/\/247stiri.ro\/index.php\/wp-json\/wp\/v2\/tags?post=31163"}],"curies":[{"name":"wp","href":"https:\/\/api.w.org\/{rel}","templated":true}]}}