{"id":31165,"date":"2025-02-12T14:44:53","date_gmt":"2025-02-12T14:44:53","guid":{"rendered":"https:\/\/247stiri.ro\/index.php\/2025\/02\/12\/mascatii-au-descins-la-cei-care-fac-glume-despre-predoiu-cum-sunt-persecutati-romanii-care-nu-sustin-guvernul\/"},"modified":"2025-02-12T14:44:53","modified_gmt":"2025-02-12T14:44:53","slug":"mascatii-au-descins-la-cei-care-fac-glume-despre-predoiu-cum-sunt-persecutati-romanii-care-nu-sustin-guvernul","status":"publish","type":"post","link":"https:\/\/247stiri.ro\/index.php\/2025\/02\/12\/mascatii-au-descins-la-cei-care-fac-glume-despre-predoiu-cum-sunt-persecutati-romanii-care-nu-sustin-guvernul\/","title":{"rendered":"Masca\u021bii au descins la cei care fac glume despre Predoiu. Cum sunt persecuta\u021bi rom\u00e2nii care nu sus\u021bin Guvernul"},"content":{"rendered":"<p>Unul dintre simpatizan\u021bii USR s-a trezit cu poli\u021bia la u\u0219\u0103, dup\u0103 ce a f\u0103cut o glum\u0103 online despre descinderile la simpatizan\u021bii lui C\u0103lin Georgescu. Radu Dragomir a scris pe Facebook referitor la ministrul de Interne: \u201ePredoiule Mili\u021bianule!\u201d<\/p>\n<p>Prin aceea\u0219i situa\u021bie au trecut mai mul\u021bi simpatizan\u021bi ai lui C\u0103lin Georgescu. De la influencerii care l-au sprijinit voluntar, p\u00e2n\u0103 la cei care au f\u0103cut parte din staful de campanie. Ultimele descinderi au avut loc la \u0219eful de campanie Radu Pally \u0219i la Asocia\u021bia P\u0103m\u00e2ntul Str\u0103mo\u0219esc.<\/p>\n<p>\u201eAvem oamenii, avem poporul, acolo erau mii de oameni pe grupuri, le-am transmis, sigur, ni\u0219te poze, ni\u0219te edit\u0103ri basic, de nivel vizual, care oamenii a\u0219a cum m-a\u021bi dat \u0219i l-a\u021bi tragedat acum c\u00e2teva s\u0103ri, afi\u0219ele nu seam\u0103n\u0103 unul cu altul, \u0219i fiecare a f\u0103cut cum a considerat, \u0219i ne-am bazat strict pe imagina\u021bia \u0219i pe dorin\u021b\u0103 oamenilor tocmai de a face ei campania a\u0219a cum v\u0103d \u0219i s\u0103-\u0219i pun\u0103 mesajul a\u0219a cum ei consider\u0103.\u201d, a declarat Radu Pally.<\/p>\n<p>Ministrul de Interne a declarat c\u0103 nu a trimis niciodat\u0103 poli\u021bia peste rom\u00e2ni, dar acest lucru este demontat de ultimele ac\u021biuni.<\/p>\n<p>Nu este adev\u0103rat c\u0103 am trimis masca\u021bii la adresa domnului Georgescu \u0219i nu am trimis masca\u021bii la adresa niciunui cet\u0103\u021bean din Rom\u00e2nia niciodat\u0103.\u201d, a declarat C\u0103t\u0103lin Predoiu.<\/p>\n<p>Ultimele descinderi ale Poli\u021biei unde au fost viza\u021bi simpatizan\u021bii lui C\u0103lin Georgescu \u0219i ai USR reamintesc de perioada comunist\u0103. \u00cenainte de c\u0103derea lui Nicolae Ceau\u0219escu, cei care f\u0103ceau glume despre dictator sau nu erau de acord cu regimul erau s\u0103lta\u021bi de Mili\u021bie.\u00a0<\/p>","protected":false},"excerpt":{"rendered":"<p>Unul dintre simpatizan\u021bii USR s-a trezit cu poli\u021bia la u\u0219\u0103, dup\u0103 ce a f\u0103cut o&hellip;<\/p>\n","protected":false},"author":0,"featured_media":31166,"comment_status":"open","ping_status":"open","sticky":false,"template":"","format":"standard","meta":{"footnotes":""},"categories":[2],"tags":[],"class_list":["post-31165","post","type-post","status-publish","format-standard","has-post-thumbnail","hentry","category-actual"],"_links":{"self":[{"href":"https:\/\/247stiri.ro\/index.php\/wp-json\/wp\/v2\/posts\/31165","targetHints":{"allow":["GET"]}}],"collection":[{"href":"https:\/\/247stiri.ro\/index.php\/wp-json\/wp\/v2\/posts"}],"about":[{"href":"https:\/\/247stiri.ro\/index.php\/wp-json\/wp\/v2\/types\/post"}],"replies":[{"embeddable":true,"href":"https:\/\/247stiri.ro\/index.php\/wp-json\/wp\/v2\/comments?post=31165"}],"version-history":[{"count":0,"href":"https:\/\/247stiri.ro\/index.php\/wp-json\/wp\/v2\/posts\/31165\/revisions"}],"wp:featuredmedia":[{"embeddable":true,"href":"https:\/\/247stiri.ro\/index.php\/wp-json\/wp\/v2\/media\/31166"}],"wp:attachment":[{"href":"https:\/\/247stiri.ro\/index.php\/wp-json\/wp\/v2\/media?parent=31165"}],"wp:term":[{"taxonomy":"category","embeddable":true,"href":"https:\/\/247stiri.ro\/index.php\/wp-json\/wp\/v2\/categories?post=31165"},{"taxonomy":"post_tag","embeddable":true,"href":"https:\/\/247stiri.ro\/index.php\/wp-json\/wp\/v2\/tags?post=31165"}],"curies":[{"name":"wp","href":"https:\/\/api.w.org\/{rel}","templated":true}]}}