{"id":31177,"date":"2025-02-12T15:44:51","date_gmt":"2025-02-12T15:44:51","guid":{"rendered":"https:\/\/247stiri.ro\/index.php\/2025\/02\/12\/unde-pleaca-klaus-iohannis-dupa-ce-a-parasit-palatul-cotroceni-controverse-legate-de-vila-de-protocol-pentru-fostul-presedinte\/"},"modified":"2025-02-12T15:44:51","modified_gmt":"2025-02-12T15:44:51","slug":"unde-pleaca-klaus-iohannis-dupa-ce-a-parasit-palatul-cotroceni-controverse-legate-de-vila-de-protocol-pentru-fostul-presedinte","status":"publish","type":"post","link":"https:\/\/247stiri.ro\/index.php\/2025\/02\/12\/unde-pleaca-klaus-iohannis-dupa-ce-a-parasit-palatul-cotroceni-controverse-legate-de-vila-de-protocol-pentru-fostul-presedinte\/","title":{"rendered":"Unde pleac\u0103 Klaus Iohannis dup\u0103 ce a p\u0103r\u0103sit Palatul Cotroceni. Controverse legate de vila de protocol pentru fostul pre\u0219edinte"},"content":{"rendered":"<p>De\u0219i avea posibilitatea de a locui timp de 60 de zile \u00een Vila Lac 3 dup\u0103 \u00eencheierea mandatului, Iohannis a optat pentru mutarea definitiv\u0103 \u00een ora\u0219ul s\u0103u natal, transport\u00e2ndu-\u0219i deja bunurile personale acolo.\u00a0<\/p>\n<p>\u00cen plus, nu a solicitat p\u00e2n\u0103 \u00een prezent re\u0219edin\u021b\u0103 oficial\u0103 \u00een Bucure\u0219ti, de\u0219i legea \u00eei permite acest lucru.<\/p>\n<p>De\u0219i Klaus Iohannis a decis s\u0103 se retrag\u0103 la Sibiu, acesta ar putea solicita, totu\u0219i, o locuin\u021b\u0103 \u00een Bucure\u0219ti pentru momentele \u00een care va trebui s\u0103 fie prezent \u00een Capital\u0103. Ministrul Finan\u021belor Publice, Tanczos Barna, a confirmat c\u0103 fostul pre\u0219edinte va solicita un nou imobil, dar a subliniat c\u0103 acesta nu va fi vila din cartierul Prim\u0103verii, a\u0219a cum s-a speculat ini\u021bial.<\/p>\n<p>Surse <a href=\"https:\/\/www.puterea.ro\/\" target=\"_blank\">apropiate<\/a> situa\u021biei au explicat c\u0103 locuin\u021ba pe care Iohannis urmeaz\u0103 s\u0103 o primeasc\u0103 \u00een Bucure\u0219ti\u00a0nu va fi una de lux, contrazic\u00e2nd zvonurile ap\u0103rute \u00een ultimele luni \u00een spa\u021biul public. Se pare c\u0103 fostul \u0219ef al statului nu va avea parte de o re\u0219edin\u021b\u0103 impun\u0103toare, ci de una mai modest\u0103.<\/p>\n<p><a title=\"Deceniul lui Iohannis la Cotroceni, sub semnul LUXULUI. Ce le-a lasat, de fapt, romanilor, la final de mandat: MOSTENIREA HALUCINANTA\" href=\"https:\/\/www.realitatea.net\/stiri\/politica\/deceniul-lui-iohannis-la-cotroceni-sub-semnul-luxului-ce-lea-lasat-de-fapt-romanilor-la-final-de-mandat-mostenirea-halucinanta_67ac37964bceb32fea260742\">Deceniul lui Iohannis la Cotroceni, sub semnul LUXULUI. Ce le-a l\u0103sat, de fapt, rom\u00e2nilor, la final de mandat: MO\u0218TENIREA HALUCINANT\u0102<\/a><\/p>\n<p>\u00cen ultimele luni, mai multe informa\u021bii au indicat c\u0103 pentru Klaus Iohannis ar fi fost preg\u0103tit\u0103 o vil\u0103 situat\u0103 pe strada Aviatorilor, la num\u0103rul 86, \u00een Bucure\u0219ti. Conform unor documente guvernamentale, \u00een noiembrie RA-APPS a decontat aproape 14 milioane de lei f\u0103r\u0103 TVA, echivalentul a aproximativ 3 milioane de euro, pentru lucr\u0103rile de renovare \u0219i reabilitare ale acestei cl\u0103diri.<\/p>\n<p>Un document oficial, semnat \u00een perioada \u00een care premier era Nicolae Ciuc\u0103, precizeaz\u0103 c\u0103 aceast\u0103 vil\u0103 urma s\u0103 fie destinat\u0103 re\u0219edin\u021bei oficiale pentru persoanele care au avut calitatea de \u0219ef al statului rom\u00e2n. Cu toate acestea, decizia lui Klaus Iohannis de a renun\u021ba la aceast\u0103 op\u021biune las\u0103 incert\u0103 soarta imobilului \u0219i ridic\u0103 \u00eentreb\u0103ri legate de utilizarea fondurilor investite \u00een renovarea sa.<\/p>\n<p><a href=\"https:\/\/www.realitatea.net\/stiri\/actual\/maia-sandu-mesaj-la-incheierea-mandatului-lui-klaus-iohannis-relatiile-dintre-cele-doua-maluri-ale-prutului-sunt-astazi-mai-puternice-si-mai-cuprinzatoare_67ac9c162961eb56b015b0d2\" target=\"_blank\">Maia Sandu, mesaj la \u00eencheierea mandatului lui Klaus Iohannis: &#8222;Rela\u021biile dintre cele dou\u0103 maluri ale Prutului sunt ast\u0103zi mai puternice \u0219i mai cuprinz\u0103toare&#8221;<\/a><\/p>","protected":false},"excerpt":{"rendered":"<p>De\u0219i avea posibilitatea de a locui timp de 60 de zile \u00een Vila Lac 3&hellip;<\/p>\n","protected":false},"author":0,"featured_media":31174,"comment_status":"open","ping_status":"open","sticky":false,"template":"","format":"standard","meta":{"footnotes":""},"categories":[2],"tags":[],"class_list":["post-31177","post","type-post","status-publish","format-standard","has-post-thumbnail","hentry","category-actual"],"_links":{"self":[{"href":"https:\/\/247stiri.ro\/index.php\/wp-json\/wp\/v2\/posts\/31177","targetHints":{"allow":["GET"]}}],"collection":[{"href":"https:\/\/247stiri.ro\/index.php\/wp-json\/wp\/v2\/posts"}],"about":[{"href":"https:\/\/247stiri.ro\/index.php\/wp-json\/wp\/v2\/types\/post"}],"replies":[{"embeddable":true,"href":"https:\/\/247stiri.ro\/index.php\/wp-json\/wp\/v2\/comments?post=31177"}],"version-history":[{"count":0,"href":"https:\/\/247stiri.ro\/index.php\/wp-json\/wp\/v2\/posts\/31177\/revisions"}],"wp:featuredmedia":[{"embeddable":true,"href":"https:\/\/247stiri.ro\/index.php\/wp-json\/wp\/v2\/media\/31174"}],"wp:attachment":[{"href":"https:\/\/247stiri.ro\/index.php\/wp-json\/wp\/v2\/media?parent=31177"}],"wp:term":[{"taxonomy":"category","embeddable":true,"href":"https:\/\/247stiri.ro\/index.php\/wp-json\/wp\/v2\/categories?post=31177"},{"taxonomy":"post_tag","embeddable":true,"href":"https:\/\/247stiri.ro\/index.php\/wp-json\/wp\/v2\/tags?post=31177"}],"curies":[{"name":"wp","href":"https:\/\/api.w.org\/{rel}","templated":true}]}}