{"id":31178,"date":"2025-02-12T15:44:52","date_gmt":"2025-02-12T15:44:52","guid":{"rendered":"https:\/\/247stiri.ro\/index.php\/2025\/02\/12\/doua-fetite-cu-varste-de-2-si-3-ani-au-cazut-in-apele-inghetate-ale-unei-balti-din-mures-micutele-au-fost-resuscitate-si-duse-la-spital\/"},"modified":"2025-02-12T15:44:52","modified_gmt":"2025-02-12T15:44:52","slug":"doua-fetite-cu-varste-de-2-si-3-ani-au-cazut-in-apele-inghetate-ale-unei-balti-din-mures-micutele-au-fost-resuscitate-si-duse-la-spital","status":"publish","type":"post","link":"https:\/\/247stiri.ro\/index.php\/2025\/02\/12\/doua-fetite-cu-varste-de-2-si-3-ani-au-cazut-in-apele-inghetate-ale-unei-balti-din-mures-micutele-au-fost-resuscitate-si-duse-la-spital\/","title":{"rendered":"Dou\u0103 feti\u021be cu v\u00e2rste de 2 \u0219i 3 ani au c\u0103zut \u00een apele \u00eenghe\u021bate ale unei b\u0103l\u021bi din Mure\u0219. Micu\u021bele au fost resuscitate si duse la spital"},"content":{"rendered":"<p>Potrivit ISU Mure\u0219, pompierii mure\u0219eni au fost solicita\u021bi cu pu\u021bin timp \u00een urm\u0103 s\u0103 intervin\u0103 pentru extragerea a doi copii dintr-o balt\u0103 situat\u0103 \u00een proximitatea r\u00e2ului T\u00e2rnava, scrie ziarul <a href=\"https:\/\/ziarulunirea.ro\/foto-tragedie-in-judetul-mures-doi-copilasi-de-2-si-3-ani-cazuti-in-apele-inghetate-ale-unei-balti-de-langa-tarnava-sunt-resuscitati-de-salvatori-926495\/\" target=\"_blank\">Unirea.<\/a><\/p>\n<p>P\u00e2n\u0103 la sosirea echipajelor specializate, un coleg pompier, aflat \u00een timpul liber \u0219i \u00eencadrat la Deta\u0219amentul de Pompieri Sighi\u0219oara, a reu\u0219it s\u0103 extrag\u0103 victimele din ap\u0103 \u00een stop cardio-respirator.<\/p>\n<p>\u00cen sprijinul echipajelor de la fa\u021ba locului, a fost alocat un echipaj SAJ C din T\u00e2rgu Mure\u0219, precum \u0219i elicopterul SMURD.<\/p>\n<p>Cele dou\u0103 minore vor fi transportate la UPU SMURD T\u00e2rgu Mure\u0219, una pe cale aerian\u0103, iar cealalt\u0103 terestru, \u00een vederea reducerii hipotermiei.<\/p>","protected":false},"excerpt":{"rendered":"<p>Potrivit ISU Mure\u0219, pompierii mure\u0219eni au fost solicita\u021bi cu pu\u021bin timp \u00een urm\u0103 s\u0103 intervin\u0103&hellip;<\/p>\n","protected":false},"author":0,"featured_media":31179,"comment_status":"open","ping_status":"open","sticky":false,"template":"","format":"standard","meta":{"footnotes":""},"categories":[2],"tags":[],"class_list":["post-31178","post","type-post","status-publish","format-standard","has-post-thumbnail","hentry","category-actual"],"_links":{"self":[{"href":"https:\/\/247stiri.ro\/index.php\/wp-json\/wp\/v2\/posts\/31178","targetHints":{"allow":["GET"]}}],"collection":[{"href":"https:\/\/247stiri.ro\/index.php\/wp-json\/wp\/v2\/posts"}],"about":[{"href":"https:\/\/247stiri.ro\/index.php\/wp-json\/wp\/v2\/types\/post"}],"replies":[{"embeddable":true,"href":"https:\/\/247stiri.ro\/index.php\/wp-json\/wp\/v2\/comments?post=31178"}],"version-history":[{"count":0,"href":"https:\/\/247stiri.ro\/index.php\/wp-json\/wp\/v2\/posts\/31178\/revisions"}],"wp:featuredmedia":[{"embeddable":true,"href":"https:\/\/247stiri.ro\/index.php\/wp-json\/wp\/v2\/media\/31179"}],"wp:attachment":[{"href":"https:\/\/247stiri.ro\/index.php\/wp-json\/wp\/v2\/media?parent=31178"}],"wp:term":[{"taxonomy":"category","embeddable":true,"href":"https:\/\/247stiri.ro\/index.php\/wp-json\/wp\/v2\/categories?post=31178"},{"taxonomy":"post_tag","embeddable":true,"href":"https:\/\/247stiri.ro\/index.php\/wp-json\/wp\/v2\/tags?post=31178"}],"curies":[{"name":"wp","href":"https:\/\/api.w.org\/{rel}","templated":true}]}}