{"id":31197,"date":"2025-02-12T16:44:48","date_gmt":"2025-02-12T16:44:48","guid":{"rendered":"https:\/\/247stiri.ro\/index.php\/2025\/02\/12\/rares-bogdan-mesaj-de-forta-de-la-tribuna-parlamentului-european-in-aceste-zile-se-decide-viitorul-europei-cetatenii-europeni-cer-desteptati-va\/"},"modified":"2025-02-12T16:44:48","modified_gmt":"2025-02-12T16:44:48","slug":"rares-bogdan-mesaj-de-forta-de-la-tribuna-parlamentului-european-in-aceste-zile-se-decide-viitorul-europei-cetatenii-europeni-cer-desteptati-va","status":"publish","type":"post","link":"https:\/\/247stiri.ro\/index.php\/2025\/02\/12\/rares-bogdan-mesaj-de-forta-de-la-tribuna-parlamentului-european-in-aceste-zile-se-decide-viitorul-europei-cetatenii-europeni-cer-desteptati-va\/","title":{"rendered":"Rare\u0219 Bogdan, mesaj de for\u021b\u0103 de la tribuna Parlamentului European: \u201e\u00cen aceste zile se decide viitorul Europei. Cet\u0103\u021benii europeni cer: de\u0219tepta\u021bi-v\u0103!\u201d"},"content":{"rendered":"<p>\u201e\u00cen aceste zile se decide viitorul Europei. Cet\u0103\u021benii europeni cer: de\u0219tepta\u021bi-v\u0103! Dar Europa noastr\u0103 administrativ\u0103, politic\u0103 \u0219i economic\u0103 pare c\u0103 nu \u00een\u021belege. Pare o Distins\u0103 Doamn\u0103 b\u0103tr\u00e2n\u0103 ajuns\u0103 \u00een scaun cu rotile. Cet\u0103\u021benii se radicalizeaz\u0103, cer s\u0103 ne adapt\u0103m iar Europa noastr\u0103 de la Bruxelles, Paris, Berlin, Madrid sau Strasbourg dormind pe propria cultur\u0103 uluitoare, a devenit \u00eencrezut\u0103 \u0219i surd\u0103.<\/p>\n<p>Defil\u0103m cu un concept minunat, libertatea, dar Winston Churchill spunea c\u0103 dup\u0103 ce am ridicat-o \u00een sl\u0103vi, trebuie \u0219i ap\u0103rat\u0103! \u0218i ce facem noi? Ne uit\u0103m cu arogan\u021b\u0103 la americani c\u0103 n-au suficient\u0103 cultur\u0103. \u00cei \u00eenjur\u0103m pe chinezi, dar nu ei ne-au for\u021bat s\u0103 le devenim pia\u021b\u0103 de desfacere. Am dezvoltat tehnologii \u0219i le-am exportat \u00een SUA \u0219i China \u0219i acum ne pl\u00e2ngem c\u0103 pierdem r\u0103zboaiele competitivit\u0103\u021bii. Socrate, Mozart, Dante Alighieri \u0219i Balzac n-au fost texani, dar ar putea \u00eenv\u0103\u021ba acum de la ei c\u0103 atunci c\u00e2nd ia foc casa, o stingi. \u0218i nu mi se pare c\u0103 facem asta.<\/p>\n<p>Doamn\u0103 von der Leyen,Domnule \u0160ef\u010dovi\u010d,<\/p>\n<p>Programul 2025 este sublim, dar competitivitatea de care vorbi\u021bi depinde de oameni \u0219i ignor\u0103 c\u0103 economia Europei a c\u0103zut pe un ru\u0219inos loc 3 la nivel global. Cet\u0103\u021benii vor s\u0103 fie proteja\u021bi \u00een Europa \u0219i vor s\u0103 nu mai \u00eengr\u0103dim dezvoltarea industrial\u0103 \u0219i tehnologic\u0103 la nivel european prin impunerea de reguli absurde din Green Deal-ul \u201cnostru drag\u201d.Ni se spune c\u0103 suntem liberi s\u0103 vorbim, dar dac\u0103 afirm\u0103m c\u0103 un post de comisar trebuie ocupat pe criterii de competen\u021b\u0103, nu de gen, suntem amenda\u021bi! Dac\u0103 ap\u0103r\u0103m agricultura tradi\u021bional\u0103 suntem cataloga\u021bi anti-Green Deal. Dac\u0103 spunem c\u0103 femeile sunt femei, iar b\u0103rba\u021bii, b\u0103rba\u021bi, fereasc\u0103 Dumnezeu, suntem repudia\u021bi. Libertatea de con\u0219tiin\u021b\u0103 este inviolabil\u0103, dar s\u0103 nu-l m\u00e2niem pe Dumnezeu! Nu e p\u0103cat de Uniunea European\u0103, cea mai nobil\u0103 construc\u021bie? Nu e p\u0103cat de istoria noastr\u0103 milenar\u0103, dac\u0103 nu corect\u0103m gre\u0219elile \u0219i mai ales dac\u0103 nu ne trezim?!\u201d, a transmis Rare\u0219 Bodgan.<\/p>\n<p>\u00a0<\/p>","protected":false},"excerpt":{"rendered":"<p>\u201e\u00cen aceste zile se decide viitorul Europei. Cet\u0103\u021benii europeni cer: de\u0219tepta\u021bi-v\u0103! Dar Europa noastr\u0103 administrativ\u0103,&hellip;<\/p>\n","protected":false},"author":0,"featured_media":31196,"comment_status":"open","ping_status":"open","sticky":false,"template":"","format":"standard","meta":{"footnotes":""},"categories":[2],"tags":[],"class_list":["post-31197","post","type-post","status-publish","format-standard","has-post-thumbnail","hentry","category-actual"],"_links":{"self":[{"href":"https:\/\/247stiri.ro\/index.php\/wp-json\/wp\/v2\/posts\/31197","targetHints":{"allow":["GET"]}}],"collection":[{"href":"https:\/\/247stiri.ro\/index.php\/wp-json\/wp\/v2\/posts"}],"about":[{"href":"https:\/\/247stiri.ro\/index.php\/wp-json\/wp\/v2\/types\/post"}],"replies":[{"embeddable":true,"href":"https:\/\/247stiri.ro\/index.php\/wp-json\/wp\/v2\/comments?post=31197"}],"version-history":[{"count":0,"href":"https:\/\/247stiri.ro\/index.php\/wp-json\/wp\/v2\/posts\/31197\/revisions"}],"wp:featuredmedia":[{"embeddable":true,"href":"https:\/\/247stiri.ro\/index.php\/wp-json\/wp\/v2\/media\/31196"}],"wp:attachment":[{"href":"https:\/\/247stiri.ro\/index.php\/wp-json\/wp\/v2\/media?parent=31197"}],"wp:term":[{"taxonomy":"category","embeddable":true,"href":"https:\/\/247stiri.ro\/index.php\/wp-json\/wp\/v2\/categories?post=31197"},{"taxonomy":"post_tag","embeddable":true,"href":"https:\/\/247stiri.ro\/index.php\/wp-json\/wp\/v2\/tags?post=31197"}],"curies":[{"name":"wp","href":"https:\/\/api.w.org\/{rel}","templated":true}]}}