{"id":31198,"date":"2025-02-12T16:44:48","date_gmt":"2025-02-12T16:44:48","guid":{"rendered":"https:\/\/247stiri.ro\/index.php\/2025\/02\/12\/motivul-pentru-care-grecii-dau-navala-in-romania-si-bulgaria-dupa-aderarea-la-schengen-ne-asteptam-la-pierderi-si-mai-mari-deoarece-libera-circulatie-intareste-aceasta-tendinta\/"},"modified":"2025-02-12T16:44:48","modified_gmt":"2025-02-12T16:44:48","slug":"motivul-pentru-care-grecii-dau-navala-in-romania-si-bulgaria-dupa-aderarea-la-schengen-ne-asteptam-la-pierderi-si-mai-mari-deoarece-libera-circulatie-intareste-aceasta-tendinta","status":"publish","type":"post","link":"https:\/\/247stiri.ro\/index.php\/2025\/02\/12\/motivul-pentru-care-grecii-dau-navala-in-romania-si-bulgaria-dupa-aderarea-la-schengen-ne-asteptam-la-pierderi-si-mai-mari-deoarece-libera-circulatie-intareste-aceasta-tendinta\/","title":{"rendered":"Motivul pentru care grecii dau n\u0103val\u0103 \u00een Rom\u00e2nia \u0219i Bulgaria, dup\u0103 aderarea la Schengen. \u201dNe a\u0219tept\u0103m la pierderi \u0219i mai mari, deoarece libera circula\u021bie \u00eent\u0103re\u0219te aceast\u0103 tendin\u021b\u0103\u201d"},"content":{"rendered":"<p>Accesul liber \u0219i f\u0103r\u0103 restric\u021bii \u00eentre cele dou\u0103 \u021b\u0103ri a generat deplas\u0103ri zilnice ale cet\u0103\u021benilor greci pentru a face cump\u0103r\u0103turi, av\u00e2nd \u00een vedere pre\u021burile considerabil mai mici, ceea ce a condus la o diminuare treptat\u0103 a veniturilor afacerilor din Grecia. Eliminarea controalelor la frontier\u0103 a simplificat nu doar c\u0103l\u0103toriile \u0219i deplas\u0103rile, ci \u0219i obiceiurile de consum, \u00eentruc\u00e2t \u00een Bulgaria, \u00een special, pre\u021burile pentru combustibil, alimente \u0219i produse de retail sunt semnificativ reduse.<\/p>\n<p>Pe l\u00e2ng\u0103 achizi\u021bionarea de bunuri esen\u021biale, mul\u021bi aleg s\u0103 beneficieze \u0219i de avantaje financiare \u00een alte domenii, precum tratamente stomatologice \u0219i proceduri cosmetice, consolid\u00e2nd astfel aceast\u0103 tendin\u021b\u0103.<\/p>\n<p>Pre\u0219edintele Camerei de Comer\u021b din Rodopi, Theodoros Savvakis, a declarat pentru Newsbomb.gr c\u0103: \u201ePierderile suferite de benzin\u0103rii au fost uria\u0219e \u00eenc\u0103 din primele zile ale ader\u0103rii Bulgariei la Zona Schengen. Deschiderea frontierelor a \u00eenl\u0103turat ultima barier\u0103 psihologic\u0103 ce exista din cauza controalelor. Acum, cet\u0103\u021benii se mi\u0219c\u0103 liber, iar acest lucru a afectat \u00een mod semnificativ sectorul combustibililor \u0219i al alimentelor\u201d.\u00a0<\/p>\n<p><a title=\"Statiunea situata la doar 20 de kilometri de granita unde fug tot mai multi romani, dupa intrarea in Schengen \" href=\"https:\/\/www.realitatea.net\/stiri\/actual\/statiunea-situata-la-doar-20-de-kilometri-de-granita-unde-fug-tot-mai-multi-romani-dupa-intrarea-in-schengen_679e72244ebb4c7b4b560a52\">Sta\u021biunea situat\u0103 la doar 20 de kilometri de grani\u021b\u0103 unde fug tot mai mul\u021bi rom\u00e2ni, dup\u0103 intrarea \u00een Schengen<\/a><\/p>\n<p>Referindu-se la tendin\u021ba general\u0103 a grecilor de a merge \u00een \u021bara vecin\u0103 pentru cump\u0103r\u0103turi, el a subliniat: \u201e\u00cen mod evident, concet\u0103\u021benii no\u0219tri aleg s\u0103 cumpere combustibil, alimente \u0219i alte articole din Bulgaria. Retailul a fost puternic lovit. Ne a\u0219tept\u0103m la pierderi \u0219i mai mari, deoarece libera circula\u021bie \u00eent\u0103re\u0219te aceast\u0103 tendin\u021b\u0103\u201d. \u00cen ceea ce prive\u0219te eventualele m\u0103suri de sus\u021binere a pie\u021bei locale, Theodoros Savvakis a subliniat: \u201eAm propus stimulente personalizate pentru locuitorii din zon\u0103, precum reducerea accizei la combustibil, astfel \u00eenc\u00e2t pre\u021burile s\u0103 fie mai competitive. Acest lucru a fost implementat \u0219i \u00een timpul pandemiei cu relativ\u0103 u\u0219urin\u021b\u0103. Am ridicat problema \u0219i \u00eentr-o \u00eent\u00e2lnire cu factori de decizie, parlamentari, conducerea Regiunii \u0219i primarii, pentru a exista o interven\u021bie imediat\u0103 din partea statului\u201d.<\/p>\n<p><a title='O tara Schengen prelungeste cu 6 luni controalele la granite. ,,Reduc in mod eficient migratia ilegala\"' href=\"https:\/\/www.realitatea.net\/stiri\/actual\/o-tara-schengen-prelungeste-cu-6-luni-controalele-la-granite-reduc-in-mod-eficient-migratia-ilegala_67acc35779f3ab24f06d9172\">O \u021bar\u0103 Schengen prelunge\u0219te cu 6 luni controalele la grani\u021be. \u201eReduc \u00een mod eficient migra\u021bia ilegal\u0103\u201d<\/a><\/p>","protected":false},"excerpt":{"rendered":"<p>Accesul liber \u0219i f\u0103r\u0103 restric\u021bii \u00eentre cele dou\u0103 \u021b\u0103ri a generat deplas\u0103ri zilnice ale cet\u0103\u021benilor&hellip;<\/p>\n","protected":false},"author":0,"featured_media":31192,"comment_status":"open","ping_status":"open","sticky":false,"template":"","format":"standard","meta":{"footnotes":""},"categories":[2],"tags":[],"class_list":["post-31198","post","type-post","status-publish","format-standard","has-post-thumbnail","hentry","category-actual"],"_links":{"self":[{"href":"https:\/\/247stiri.ro\/index.php\/wp-json\/wp\/v2\/posts\/31198","targetHints":{"allow":["GET"]}}],"collection":[{"href":"https:\/\/247stiri.ro\/index.php\/wp-json\/wp\/v2\/posts"}],"about":[{"href":"https:\/\/247stiri.ro\/index.php\/wp-json\/wp\/v2\/types\/post"}],"replies":[{"embeddable":true,"href":"https:\/\/247stiri.ro\/index.php\/wp-json\/wp\/v2\/comments?post=31198"}],"version-history":[{"count":0,"href":"https:\/\/247stiri.ro\/index.php\/wp-json\/wp\/v2\/posts\/31198\/revisions"}],"wp:featuredmedia":[{"embeddable":true,"href":"https:\/\/247stiri.ro\/index.php\/wp-json\/wp\/v2\/media\/31192"}],"wp:attachment":[{"href":"https:\/\/247stiri.ro\/index.php\/wp-json\/wp\/v2\/media?parent=31198"}],"wp:term":[{"taxonomy":"category","embeddable":true,"href":"https:\/\/247stiri.ro\/index.php\/wp-json\/wp\/v2\/categories?post=31198"},{"taxonomy":"post_tag","embeddable":true,"href":"https:\/\/247stiri.ro\/index.php\/wp-json\/wp\/v2\/tags?post=31198"}],"curies":[{"name":"wp","href":"https:\/\/api.w.org\/{rel}","templated":true}]}}