{"id":31213,"date":"2025-02-12T17:44:49","date_gmt":"2025-02-12T17:44:49","guid":{"rendered":"https:\/\/247stiri.ro\/index.php\/2025\/02\/12\/un-vestit-istoric-si-analist-britanic-da-de-pamant-cu-iohannis-nu-si-a-putut-ascunde-plictiseala-sau-chiar-dispretul-fata-de-poporul-roman\/"},"modified":"2025-02-12T17:44:49","modified_gmt":"2025-02-12T17:44:49","slug":"un-vestit-istoric-si-analist-britanic-da-de-pamant-cu-iohannis-nu-si-a-putut-ascunde-plictiseala-sau-chiar-dispretul-fata-de-poporul-roman","status":"publish","type":"post","link":"https:\/\/247stiri.ro\/index.php\/2025\/02\/12\/un-vestit-istoric-si-analist-britanic-da-de-pamant-cu-iohannis-nu-si-a-putut-ascunde-plictiseala-sau-chiar-dispretul-fata-de-poporul-roman\/","title":{"rendered":"Un vestit istoric \u0219i analist britanic d\u0103 de p\u0103m\u00e2nt cu Iohannis: Nu \u0219i-a putut ascunde plictiseala sau chiar dispre\u021bul fa\u021b\u0103 de poporul rom\u00e2n"},"content":{"rendered":"<p>\u00cen cadrul unei analize detaliate, Gallagher subliniaz\u0103 c\u0103, de\u0219i s-a observat o tendin\u021b\u0103 de a exagera afirma\u021biile referitoare la dispre\u021bul lui Iohannis fa\u021b\u0103 de poporul rom\u00e2n, \u00een realitate, \u00eencep\u00e2nd din 2014, acesta a manifestat o atitudine de neglijen\u021b\u0103 \u0219i egocentrism, pun\u00e2nd accent pe avantajele func\u021biei sale \u00een loc s\u0103 se concentreze pe \u00eent\u0103rirea unei democra\u021bii fragile.<\/p>\n<p>\u201eC\u00e2t de mare este exagerarea atunci c\u00e2nd spunem c\u0103 Klaus Iohannis \u0219i-a aruncat \u021bara \u00eentr-o situa\u021bie periculoas\u0103 din cauz\u0103 c\u0103 nu \u0219i-a putut ascunde plictiseala sau chiar dispre\u021bul fa\u021b\u0103 de poporul rom\u00e2n? Desigur, acest dispre\u021b a mers mult mai departe, extinz\u00e2ndu-se \u0219i asupra \u00eendatoririlor de serviciu pe care \u0219i le-a asumat \u00een slujba na\u021biunii la preluarea mandatului preziden\u021bial pe 21 decembrie 2014.<\/p>\n<p>Poate c\u0103 exist\u0103 o doz\u0103 de hiperbol\u0103 aici, dar cei care, chiar \u0219i \u00een prezent, \u00eencearc\u0103 s\u0103 umfle artificial imaginea lui Iohannis vor avea dificult\u0103\u021bi \u00een a construi o contra-nara\u021biune plin\u0103 de detalii despre vigilen\u021ba \u0219i h\u0103rnicia sa. \u00cen realitate, acolo unde aceste tr\u0103s\u0103turi pot fi identificate, ele au fost cu adev\u0103rat mobilizate doar \u00een slujba intereselor sale personale de-a lungul ultimului deceniu.&#8221;, sus\u021bine Tom Gallagher.<\/p>\n<p><a title=\"Deceniul lui Iohannis la Cotroceni, sub semnul LUXULUI. Ce le-a lasat, de fapt, romanilor, la final de mandat: MOSTENIREA HALUCINANTA\" href=\"https:\/\/www.realitatea.net\/stiri\/politica\/deceniul-lui-iohannis-la-cotroceni-sub-semnul-luxului-ce-lea-lasat-de-fapt-romanilor-la-final-de-mandat-mostenirea-halucinanta_67ac37964bceb32fea260742\">Deceniul lui Iohannis la Cotroceni, sub semnul LUXULUI. Ce le-a l\u0103sat, de fapt, rom\u00e2nilor, la final de mandat: MO\u0218TENIREA HALUCINANT\u0102<\/a><\/p>\n<p>Gallagher a analizat modul \u00een care Iohannis a subminat institu\u021biile care func\u021bionaser\u0103 eficient \u00een perioada predecesorului s\u0103u, Traian B\u0103sescu, \u0219i cum a permis ca o \u021bar\u0103 deja vulnerabil\u0103 s\u0103 se alinieze tot mai mult la un sistem politic corupt \u0219i influen\u021bat de interese. De exemplu, justi\u021bia \u0219i armata, dou\u0103 dintre pilonii esen\u021biali, au avut de suferit \u00een timpul mandatului lui Iohannis. Pe parcursul celui de-al doilea mandat al s\u0103u, Gallagher observ\u0103 c\u0103 disfunc\u021bionalit\u0103\u021bile guvernului \u0219i cre\u0219terea corup\u021biei au amplificat sentimentul de ne\u00eencredere al cet\u0103\u021benilor \u00een conducerea \u021b\u0103rii.<\/p>\n<p>\u201e\u00cencrederea sa s-a v\u0103zut \u00een decizia de a-\u0219i construi (cu ajutor generos din partea statului) o re\u0219edin\u021b\u0103 de lux pe Strada Aviatorilor, \u00een nordul Bucure\u0219tiului, unde, probabil, \u00ee\u0219i imagina c\u0103 va juca rolul unui arhiduce baroc, chemat ocazional s\u0103 medieze disputele politice.&#8221;, arat\u0103 istoricul.<\/p>\n<p>Gallagher subliniaz\u0103, de asemenea, inactivitatea lui Iohannis \u00een fa\u021ba unor crize semnificative, precum pandemia de Covid-19 \u0219i conflictul din Ucraina, eviden\u021biind incapacitatea pre\u0219edintelui de a oferi solu\u021bii adecvate pentru problemele interne ale Rom\u00e2niei.<\/p>\n<p><a href=\"https:\/\/www.realitatea.net\/stiri\/actual\/maia-sandu-mesaj-la-incheierea-mandatului-lui-klaus-iohannis-relatiile-dintre-cele-doua-maluri-ale-prutului-sunt-astazi-mai-puternice-si-mai-cuprinzatoare_67ac9c162961eb56b015b0d2\" target=\"_blank\">Maia Sandu, mesaj la \u00eencheierea mandatului lui Klaus Iohannis: &#8222;Rela\u021biile dintre cele dou\u0103 maluri ale Prutului sunt ast\u0103zi mai puternice \u0219i mai cuprinz\u0103toare&#8221;<\/a><\/p>\n<p>\u201eSistemul de s\u0103n\u0103tate a r\u0103mas un dezastru, cu spitale \u00een fl\u0103c\u0103ri \u00een timpul pandemiei de Covid gestionate defectuos, standardele educa\u021bionale au continuat s\u0103 scad\u0103, corup\u021bia a r\u0103mas necontrolat\u0103, iar r\u0103spunsul statului la r\u0103zboiul de la grani\u021b\u0103 din Ucraina a fost unul de incoeren\u021b\u0103 \u0219i suficien\u021b\u0103.&#8221;, puncteaz\u0103 el.\u00a0<\/p>\n<p>\u00cen finalul analizei, Gallagher subliniaz\u0103 c\u0103 Iohannis a manifestat o atitudine arogant\u0103, suger\u00e2nd c\u0103 \u021bara poate fi administrat\u0103 f\u0103r\u0103 a \u021bine cont de dorin\u021bele \u0219i necesit\u0103\u021bile cet\u0103\u021benilor.<\/p>\n<p>\u201e\u00cen orice epoc\u0103, o asemenea arogan\u021b\u0103 orbitoare ar fi fost probabil sanc\u021bionat\u0103, dar \u00eentr-o er\u0103 a comunica\u021biilor instantanee, \u00een care tehnologia informa\u021biei a transformat r\u0103zboiul politic \u00eentr-un instrument de o for\u021b\u0103 inimaginabil\u0103, era aproape garantat c\u0103 Iohannis \u00ee\u0219i va face du\u0219mani periculo\u0219i.<\/p>\n<p>Datorit\u0103 unui cameleon politic care s-a dovedit un \u0219ef de stat aproape inutil, Occidentul va trebui acum s\u0103 acorde Rom\u00e2niei mult mai mult\u0103 aten\u021bie dec\u00e2t a f\u0103cut-o \u00een ultimii ani.\u201d<\/p>\n<p><a title=\"Unde pleaca Klaus Iohannis dupa ce a parasit Palatul Cotroceni. Controverse legate de vila de protocol pentru fostul presedinte\" href=\"https:\/\/www.realitatea.net\/stiri\/actual\/unde-pleaca-klaus-iohannis-dupa-ce-a-parasit-palatul-cotroceni-controverse-legate-de-vila-de-protocol-pentru-fostul-presedinte_67acbfbbb0e9742167596be3\">Unde pleac\u0103 Klaus Iohannis dup\u0103 ce a p\u0103r\u0103sit Palatul Cotroceni. Controverse legate de vila de protocol pentru fostul pre\u0219edinte<\/a><\/p>","protected":false},"excerpt":{"rendered":"<p>\u00cen cadrul unei analize detaliate, Gallagher subliniaz\u0103 c\u0103, de\u0219i s-a observat o tendin\u021b\u0103 de a&hellip;<\/p>\n","protected":false},"author":0,"featured_media":31207,"comment_status":"open","ping_status":"open","sticky":false,"template":"","format":"standard","meta":{"footnotes":""},"categories":[2],"tags":[],"class_list":["post-31213","post","type-post","status-publish","format-standard","has-post-thumbnail","hentry","category-actual"],"_links":{"self":[{"href":"https:\/\/247stiri.ro\/index.php\/wp-json\/wp\/v2\/posts\/31213","targetHints":{"allow":["GET"]}}],"collection":[{"href":"https:\/\/247stiri.ro\/index.php\/wp-json\/wp\/v2\/posts"}],"about":[{"href":"https:\/\/247stiri.ro\/index.php\/wp-json\/wp\/v2\/types\/post"}],"replies":[{"embeddable":true,"href":"https:\/\/247stiri.ro\/index.php\/wp-json\/wp\/v2\/comments?post=31213"}],"version-history":[{"count":0,"href":"https:\/\/247stiri.ro\/index.php\/wp-json\/wp\/v2\/posts\/31213\/revisions"}],"wp:featuredmedia":[{"embeddable":true,"href":"https:\/\/247stiri.ro\/index.php\/wp-json\/wp\/v2\/media\/31207"}],"wp:attachment":[{"href":"https:\/\/247stiri.ro\/index.php\/wp-json\/wp\/v2\/media?parent=31213"}],"wp:term":[{"taxonomy":"category","embeddable":true,"href":"https:\/\/247stiri.ro\/index.php\/wp-json\/wp\/v2\/categories?post=31213"},{"taxonomy":"post_tag","embeddable":true,"href":"https:\/\/247stiri.ro\/index.php\/wp-json\/wp\/v2\/tags?post=31213"}],"curies":[{"name":"wp","href":"https:\/\/api.w.org\/{rel}","templated":true}]}}