{"id":31233,"date":"2025-02-12T19:44:46","date_gmt":"2025-02-12T19:44:46","guid":{"rendered":"https:\/\/247stiri.ro\/index.php\/2025\/02\/12\/video-iohannis-s-a-intors-la-casa-fara-etaj-din-sibiu-spp-si-a-instalat-deja-ghereta-in-fata-imobilului\/"},"modified":"2025-02-12T19:44:46","modified_gmt":"2025-02-12T19:44:46","slug":"video-iohannis-s-a-intors-la-casa-fara-etaj-din-sibiu-spp-si-a-instalat-deja-ghereta-in-fata-imobilului","status":"publish","type":"post","link":"https:\/\/247stiri.ro\/index.php\/2025\/02\/12\/video-iohannis-s-a-intors-la-casa-fara-etaj-din-sibiu-spp-si-a-instalat-deja-ghereta-in-fata-imobilului\/","title":{"rendered":"VIDEO. Iohannis s-a \u00eentors la casa f\u0103r\u0103 etaj din Sibiu. SPP \u0219i-a instalat deja ghereta \u00een fa\u021ba imobilului"},"content":{"rendered":"<p>La c\u00e2teva ore dup\u0103 ce \u0219i-a \u00eencheiat mandatul de pre\u0219edinte al Rom\u00e2niei prin demisie, Klaus Iohannis a revenit direct la Sibiu. Ma\u0219ina \u00een care se afla a trecut prin poarta casei sale de pe strada B\u00e2lea cu 20 de minute \u00eenainte de ora 17:00, \u00een ziua de miercuri, 12 februarie 2025, scrie presa <a href=\"https:\/\/www.turnulsfatului.ro\/\" target=\"_blank\">local\u0103<\/a>.<\/p>\n<p>Fostul pre\u0219edinte a p\u0103r\u0103sit Cotroceniul la ora 12:24, \u00eendrept\u00e2ndu-se direct spre Sibiu, f\u0103r\u0103 escorte, de data aceasta. A fost nevoie de patru ore \u0219i 14 minute pentru ca Iohannis s\u0103 ajung\u0103 acas\u0103. Reporterii au filmat ma\u0219ina \u00een care se afla fostul pre\u0219edinte intr\u00e2nd pe poarta casei la ora 16:38.<\/p>\n\n<p>La sosirea sa, jandarmii au cerut jurnali\u0219tilor s\u0103 p\u0103streze distan\u021ba, \u00een timp ce ma\u0219ina lui Iohannis a intrat direct \u00een curte. La fel ca \u00een Bucure\u0219ti, fostul pre\u0219edinte nu a f\u0103cut declara\u021bii presei.<\/p>\n<p><a title=\"Deceniul lui Iohannis la Cotroceni, sub semnul LUXULUI. Ce le-a lasat, de fapt, romanilor, la final de mandat: MOSTENIREA HALUCINANTA\" href=\"https:\/\/www.realitatea.net\/stiri\/politica\/deceniul-lui-iohannis-la-cotroceni-sub-semnul-luxului-ce-lea-lasat-de-fapt-romanilor-la-final-de-mandat-mostenirea-halucinanta_67ac37964bceb32fea260742\">Deceniul lui Iohannis la Cotroceni, sub semnul LUXULUI. Ce le-a l\u0103sat, de fapt, rom\u00e2nilor, la final de mandat: MO\u0218TENIREA HALUCINANT\u0102<\/a><\/p>\n<p>Acas\u0103, Iohannis a fost \u00eent\u00e2mpinat de so\u021bia sa, Carmen, care a fost observat\u0103 fiind escortat\u0103 spre locuin\u021b\u0103 cu aproximativ dou\u0103 ore \u00eenainte de sosirea lui.<\/p>\n<p>De\u0219i avea posibilitatea de a locui timp de 60 de zile \u00een Vila Lac 3 dup\u0103 \u00eencheierea mandatului, Iohannis a optat pentru mutarea definitiv\u0103 \u00een ora\u0219ul s\u0103u natal, transport\u00e2ndu-\u0219i deja bunurile personale acolo.\u00a0<\/p>\n<p>\u00cen plus, nu a solicitat p\u00e2n\u0103 \u00een prezent re\u0219edin\u021b\u0103 oficial\u0103 \u00een Bucure\u0219ti, de\u0219i legea \u00eei permite acest lucru.<\/p>\n<p>De\u0219i Klaus Iohannis a decis s\u0103 se retrag\u0103 la Sibiu, acesta ar putea solicita, totu\u0219i, o locuin\u021b\u0103 \u00een Bucure\u0219ti pentru momentele \u00een care va trebui s\u0103 fie prezent \u00een Capital\u0103. Ministrul Finan\u021belor Publice, Tanczos Barna, a confirmat c\u0103 fostul pre\u0219edinte va solicita un nou imobil, dar a subliniat c\u0103 acesta nu va fi vila din cartierul Prim\u0103verii, a\u0219a cum s-a speculat ini\u021bial.<\/p>\n<p>Surse\u00a0<a href=\"https:\/\/www.puterea.ro\/\" target=\"_blank\">apropiate<\/a>\u00a0situa\u021biei au explicat c\u0103 locuin\u021ba pe care Iohannis urmeaz\u0103 s\u0103 o primeasc\u0103 \u00een Bucure\u0219ti\u00a0nu va fi una de lux, contrazic\u00e2nd zvonurile ap\u0103rute \u00een ultimele luni \u00een spa\u021biul public. Se pare c\u0103 fostul \u0219ef al statului nu va avea parte de o re\u0219edin\u021b\u0103 impun\u0103toare, ci de una mai modest\u0103.<\/p>\n<p><a title=\"Un vestit istoric si analist britanic da de pamant cu Iohannis: Nu si-a putut ascunde plictiseala sau chiar dispretul fata de poporul roman\" href=\"https:\/\/www.realitatea.net\/stiri\/actual\/un-vestit-istoric-si-analist-britanic-da-de-pamant-cu-iohannis-nu-sia-putut-ascunde-plictiseala-sau-chiar-dispretul-fata-de-poporul-roman_67acd9f40ec28c4fbe7c6282\">Un vestit istoric \u0219i analist britanic d\u0103 de p\u0103m\u00e2nt cu Iohannis: Nu \u0219i-a putut ascunde plictiseala sau chiar dispre\u021bul fa\u021b\u0103 de poporul rom\u00e2n<\/a><\/p>\n<p>\u00a0<\/p>","protected":false},"excerpt":{"rendered":"<p>La c\u00e2teva ore dup\u0103 ce \u0219i-a \u00eencheiat mandatul de pre\u0219edinte al Rom\u00e2niei prin demisie, Klaus&hellip;<\/p>\n","protected":false},"author":0,"featured_media":31234,"comment_status":"open","ping_status":"open","sticky":false,"template":"","format":"standard","meta":{"footnotes":""},"categories":[2],"tags":[],"class_list":["post-31233","post","type-post","status-publish","format-standard","has-post-thumbnail","hentry","category-actual"],"_links":{"self":[{"href":"https:\/\/247stiri.ro\/index.php\/wp-json\/wp\/v2\/posts\/31233","targetHints":{"allow":["GET"]}}],"collection":[{"href":"https:\/\/247stiri.ro\/index.php\/wp-json\/wp\/v2\/posts"}],"about":[{"href":"https:\/\/247stiri.ro\/index.php\/wp-json\/wp\/v2\/types\/post"}],"replies":[{"embeddable":true,"href":"https:\/\/247stiri.ro\/index.php\/wp-json\/wp\/v2\/comments?post=31233"}],"version-history":[{"count":0,"href":"https:\/\/247stiri.ro\/index.php\/wp-json\/wp\/v2\/posts\/31233\/revisions"}],"wp:featuredmedia":[{"embeddable":true,"href":"https:\/\/247stiri.ro\/index.php\/wp-json\/wp\/v2\/media\/31234"}],"wp:attachment":[{"href":"https:\/\/247stiri.ro\/index.php\/wp-json\/wp\/v2\/media?parent=31233"}],"wp:term":[{"taxonomy":"category","embeddable":true,"href":"https:\/\/247stiri.ro\/index.php\/wp-json\/wp\/v2\/categories?post=31233"},{"taxonomy":"post_tag","embeddable":true,"href":"https:\/\/247stiri.ro\/index.php\/wp-json\/wp\/v2\/tags?post=31233"}],"curies":[{"name":"wp","href":"https:\/\/api.w.org\/{rel}","templated":true}]}}