{"id":31241,"date":"2025-02-12T20:44:46","date_gmt":"2025-02-12T20:44:46","guid":{"rendered":"https:\/\/247stiri.ro\/index.php\/2025\/02\/12\/trei-barbati-condamnati-pentru-ca-au-incercat-sa-santajeze-familia-lui-michael-schumacher\/"},"modified":"2025-02-12T20:44:46","modified_gmt":"2025-02-12T20:44:46","slug":"trei-barbati-condamnati-pentru-ca-au-incercat-sa-santajeze-familia-lui-michael-schumacher","status":"publish","type":"post","link":"https:\/\/247stiri.ro\/index.php\/2025\/02\/12\/trei-barbati-condamnati-pentru-ca-au-incercat-sa-santajeze-familia-lui-michael-schumacher\/","title":{"rendered":"Trei b\u0103rba\u0163i, condamna\u0163i pentru c\u0103 au \u00eencercat s\u0103 \u015fantajeze familia lui Michael Schumacher"},"content":{"rendered":"<p>Un b\u0103rbat \u00een v\u00e2rst\u0103 de 53 de ani a fost condamnat miercuri la trei ani de \u00eenchisoare \u00een Germania pentru c\u0103 a \u00eencercat s\u0103 \u015fantajeze familia lui Michael Schumacher, amenin\u0163\u00e2nd c\u0103 va publica fotografii care s\u0103 arate starea actual\u0103 a fostului campion de Formula 1. Acuzat de complicitate, fiul s\u0103u a fost condamnat la o pedeaps\u0103 de \u015fase luni de \u00eenchisoare cu suspendare, potrivit news.ro.<\/p>\n<p>Principalul acuzat ceruse 15 milioane de euro familiei Schumacher, amenin\u0163\u0103nd c\u0103 va publica fotografii \u015fi videoclipuri pe darkweb. Fiul s\u0103u, Daniel, l-a ajutat s\u0103 trimit\u0103 mesaje de la o adres\u0103 de e-mail imposibil de urm\u0103rit din punct de vedere tehnic.<\/p>\n<p>Un al treilea b\u0103rbat, tot agent de paz\u0103 pentru familia lui Michael Schumacher, a primit o pedeaps\u0103 de doi ani de \u00eenchisoare cu suspendare. Acesta a v\u00e2ndut principalului acuzat, \u00een perioada octombrie 2022 \u2013 mai 2024, fotografii \u015fi videoclipuri care \u00eel \u00eenf\u0103\u0163i\u015fau pe Michael Schumacher \u00eenainte \u015fi dup\u0103 accidentul suferit la schi, \u00een 2013. Toate materialele fuseser\u0103 copiate, f\u0103r\u0103 permisiune, \u00een perioada c\u00e2nd era angajat de familia fostului pilot.<\/p>\n<p>Dup\u0103 accidentul suferit \u00een sta\u0163iunea francez\u0103 de sporturi de iarn\u0103 M\u00e9ribel, la sf\u00e2r\u015fitul anului 2013, Michael Schumacher a petrecut aproape \u015fase luni \u00een com\u0103 indus\u0103, iar dup\u0103 aceea a fost tratat la domiciliul s\u0103u din Elve\u0163ia, f\u0103r\u0103 ca publicul s\u0103-l mia vad\u0103 sau s\u0103 aib\u0103 imagini cu el.<\/p>","protected":false},"excerpt":{"rendered":"<p>Un b\u0103rbat \u00een v\u00e2rst\u0103 de 53 de ani a fost condamnat miercuri la trei ani&hellip;<\/p>\n","protected":false},"author":0,"featured_media":31242,"comment_status":"open","ping_status":"open","sticky":false,"template":"","format":"standard","meta":{"footnotes":""},"categories":[4],"tags":[],"class_list":["post-31241","post","type-post","status-publish","format-standard","has-post-thumbnail","hentry","category-extern"],"_links":{"self":[{"href":"https:\/\/247stiri.ro\/index.php\/wp-json\/wp\/v2\/posts\/31241","targetHints":{"allow":["GET"]}}],"collection":[{"href":"https:\/\/247stiri.ro\/index.php\/wp-json\/wp\/v2\/posts"}],"about":[{"href":"https:\/\/247stiri.ro\/index.php\/wp-json\/wp\/v2\/types\/post"}],"replies":[{"embeddable":true,"href":"https:\/\/247stiri.ro\/index.php\/wp-json\/wp\/v2\/comments?post=31241"}],"version-history":[{"count":0,"href":"https:\/\/247stiri.ro\/index.php\/wp-json\/wp\/v2\/posts\/31241\/revisions"}],"wp:featuredmedia":[{"embeddable":true,"href":"https:\/\/247stiri.ro\/index.php\/wp-json\/wp\/v2\/media\/31242"}],"wp:attachment":[{"href":"https:\/\/247stiri.ro\/index.php\/wp-json\/wp\/v2\/media?parent=31241"}],"wp:term":[{"taxonomy":"category","embeddable":true,"href":"https:\/\/247stiri.ro\/index.php\/wp-json\/wp\/v2\/categories?post=31241"},{"taxonomy":"post_tag","embeddable":true,"href":"https:\/\/247stiri.ro\/index.php\/wp-json\/wp\/v2\/tags?post=31241"}],"curies":[{"name":"wp","href":"https:\/\/api.w.org\/{rel}","templated":true}]}}