{"id":31247,"date":"2025-02-12T20:44:48","date_gmt":"2025-02-12T20:44:48","guid":{"rendered":"https:\/\/247stiri.ro\/index.php\/2025\/02\/12\/maia-sandu-l-a-sunat-pe-ilie-bolojan-ce-au-discutat-cei-doi\/"},"modified":"2025-02-12T20:44:48","modified_gmt":"2025-02-12T20:44:48","slug":"maia-sandu-l-a-sunat-pe-ilie-bolojan-ce-au-discutat-cei-doi","status":"publish","type":"post","link":"https:\/\/247stiri.ro\/index.php\/2025\/02\/12\/maia-sandu-l-a-sunat-pe-ilie-bolojan-ce-au-discutat-cei-doi\/","title":{"rendered":"Maia Sandu l-a sunat pe Ilie Bolojan. Ce au discutat cei doi"},"content":{"rendered":"<p>\u00centr-o postare pe pagina PNL, Ilie Bolojan precizeaz\u0103 c\u0103 a fost felicitat de Maia Sandu pentru preluarea interimatului de la Cotroceni.<\/p>\n<p>\u201eAm avut ast\u0103zi o convorbire telefonic\u0103 cu doamna Maia Sandu, Pre\u015fedintele Republicii Moldova, care m-a felicitat pentru preluarea interimatului func\u0163iei de Pre\u015fedinte al Rom\u00e2niei. I-am mul\u0163umit pentru g\u00e2ndurile bune \u015fi pentru prietenia sincer\u0103 dintre \u0163\u0103rile noastre.Rom\u00e2nia \u015fi Republica Moldova sunt legate printr-o rela\u0163ie special\u0103, bazat\u0103 pe o istorie comun\u0103, valori europene \u015fi proiecte de dezvoltare\u201d,\u00a0a precizat Bolojan.<\/p>\n<p>El a ad\u0103ugat c\u0103 i-a spus pre\u015fedintei Republicii Moldova c\u0103 cele dou\u0103 \u0163\u0103ri vor continua s\u0103 colaboreze str\u00e2ns pentru binele cet\u0103\u0163enilor de pe ambele maluri ale Prutului.<\/p>\n<p>\u201eMoldova nu e singur\u0103. Suntem \u00eempreun\u0103, \u00een aceea\u015fi lupt\u0103 pentru un viitor mai bun!\u201d, a transmis Bolojan.<\/p>\n<p><a title='Presedintele interimar al Senatului, laude la adresa lui Bolojan: \"Un adept al transparentei\"' href=\"https:\/\/www.realitatea.net\/stiri\/actual\/presedintele-interimar-al-senatului-laude-la-adresa-lui-bolojan-un-adept-al-transparentei_67ac903dbed73f5aad7c91b6\">Pre\u0219edintele interimar al Senatului, laude la adresa lui Bolojan: \u201dUn adept al transparen\u021bei\u201d<\/a><\/p>\n<p>Bolojan a preluat interimarul de la Cotroceni \u00een urma demisiei lui Iohannis<\/p>\n<p>Curtea Constitu\u021bional\u0103 a adoptat, mar\u021bi, hot\u0103r\u00e2rea prin care constat\u0103 c\u0103 func\u021bia de pre\u0219edinte al Rom\u00e2niei devine vacant\u0103. Din 12 februarie, interimatul \u00een func\u021bia de \u0219ef al statului va fi asigurat de pre\u0219edintele Senatului, Ilie Bolojan.<\/p>\n<p>CCR a constatat, astfel, c\u0103 func\u021bia de Pre\u0219edinte al Rom\u00e2niei devine vacant\u0103, \u00eencep\u00e2nd cu data de 12 februarie 2025, ca urmare a demisiei domnului Klaus-Werner Iohannis din func\u021bia de Pre\u0219edinte al Rom\u00e2niei.<\/p>\n<p>\u00cen decizie, CCR mai constat\u0103 c\u0103 vacanta func\u021biei de Pre\u0219edinte al Rom\u00e2niei este o \u00eemprejurare care justific\u0103 interimatul \u00een exercitarea func\u021biei de Pre\u0219edinte al Rom\u00e2niei, \u00eencep\u00e2nd cu data de 12 februarie 2025.<\/p>\n<p>\u201eConstat\u0103 c\u0103, \u00een conformitate cu dispozi\u021biile art.98 alin.(1) din Constitu\u021bie, interimatul func\u021biei de\u00a0 Pre\u0219edinte al Rom\u00e2niei se asigur\u0103 de pre\u0219edintele Senatului, domnul Ilie-Gavril Bolojan, \u00eencep\u00e2nd cu data de 12 februarie 2025.\u201d, mai precizeaz\u0103 decizia CCR.<\/p>\n<p><a title='Vasile Dincu, despre candidatura lui Ilie Bolojan la presedintie: \"E un om care tine la cuvantul pe care si l-a dat\"' href=\"https:\/\/www.realitatea.net\/stiri\/actual\/vasile-dincu-despre-candidatura-lui-ilie-bolojan-la-presedintie-e-un-om-care-tine-la-cuvantul-pe-care-si-la-dat_67acaadf21033c15e24c4362\">Vasile D\u00eencu, despre candidatura lui Ilie Bolojan la pre\u0219edin\u021bie: \u201dE un om care \u021bine la cuv\u00e2ntul pe care \u0219i l-a dat\u201d<\/a><\/p>","protected":false},"excerpt":{"rendered":"<p>\u00centr-o postare pe pagina PNL, Ilie Bolojan precizeaz\u0103 c\u0103 a fost felicitat de Maia Sandu&hellip;<\/p>\n","protected":false},"author":0,"featured_media":31244,"comment_status":"open","ping_status":"open","sticky":false,"template":"","format":"standard","meta":{"footnotes":""},"categories":[2],"tags":[],"class_list":["post-31247","post","type-post","status-publish","format-standard","has-post-thumbnail","hentry","category-actual"],"_links":{"self":[{"href":"https:\/\/247stiri.ro\/index.php\/wp-json\/wp\/v2\/posts\/31247","targetHints":{"allow":["GET"]}}],"collection":[{"href":"https:\/\/247stiri.ro\/index.php\/wp-json\/wp\/v2\/posts"}],"about":[{"href":"https:\/\/247stiri.ro\/index.php\/wp-json\/wp\/v2\/types\/post"}],"replies":[{"embeddable":true,"href":"https:\/\/247stiri.ro\/index.php\/wp-json\/wp\/v2\/comments?post=31247"}],"version-history":[{"count":0,"href":"https:\/\/247stiri.ro\/index.php\/wp-json\/wp\/v2\/posts\/31247\/revisions"}],"wp:featuredmedia":[{"embeddable":true,"href":"https:\/\/247stiri.ro\/index.php\/wp-json\/wp\/v2\/media\/31244"}],"wp:attachment":[{"href":"https:\/\/247stiri.ro\/index.php\/wp-json\/wp\/v2\/media?parent=31247"}],"wp:term":[{"taxonomy":"category","embeddable":true,"href":"https:\/\/247stiri.ro\/index.php\/wp-json\/wp\/v2\/categories?post=31247"},{"taxonomy":"post_tag","embeddable":true,"href":"https:\/\/247stiri.ro\/index.php\/wp-json\/wp\/v2\/tags?post=31247"}],"curies":[{"name":"wp","href":"https:\/\/api.w.org\/{rel}","templated":true}]}}