{"id":31293,"date":"2025-02-13T06:44:47","date_gmt":"2025-02-13T06:44:47","guid":{"rendered":"https:\/\/247stiri.ro\/index.php\/2025\/02\/13\/anca-alexandrescu-dezvaluie-legaturile-dintre-ilie-bolojan-si-reteaua-lui-soros-vrea-sa-aduca-rezistii-din-nou-la-putere-declaratii-explozive-care-dinamiteaza-scena-politica\/"},"modified":"2025-02-13T06:44:47","modified_gmt":"2025-02-13T06:44:47","slug":"anca-alexandrescu-dezvaluie-legaturile-dintre-ilie-bolojan-si-reteaua-lui-soros-vrea-sa-aduca-rezistii-din-nou-la-putere-declaratii-explozive-care-dinamiteaza-scena-politica","status":"publish","type":"post","link":"https:\/\/247stiri.ro\/index.php\/2025\/02\/13\/anca-alexandrescu-dezvaluie-legaturile-dintre-ilie-bolojan-si-reteaua-lui-soros-vrea-sa-aduca-rezistii-din-nou-la-putere-declaratii-explozive-care-dinamiteaza-scena-politica\/","title":{"rendered":"Anca Alexandrescu dezv\u0103luie leg\u0103turile dintre Ilie Bolojan \u0219i re\u021beaua lui Soros: Vrea s\u0103 aduc\u0103 rezi\u0219tii din nou la putere. Declara\u021bii explozive, care dinamiteaz\u0103 scena politic\u0103"},"content":{"rendered":"<p>&#8222;Evident, a\u0219a cum m\u0103 a\u0219teptam, primul telefon a fost cu prietena Maia Sandu cu care desigur \u0219ti\u021bi se \u00eent\u00e2lnea \u00een secret la Oradea, ei fiind uni\u021bi de aceast\u0103 re\u021bea soro\u0219ist\u0103. 02:02 Are un trecut ascuns domnul Bolojan. Au \u00eenceput s\u0103 vin\u0103 \u0219i fotografii \u0219i informa\u021bii pentru c\u0103 \u00een afar\u0103 de un laudatio gre\u021bos \u00een presa din Bihor nu prea reu\u0219e\u0219ti s\u0103 sco\u021bi prea multe informa\u021bii. Cu siguran\u021b\u0103 vor ap\u0103rea.\u00a0Vreau s\u0103 \u00eei atrag aten\u021bia din prima zi \u0219i tuturor \u0103stora din re\u021beaua Soros c\u0103 Ilie Bolojan nu reprezint\u0103 poporul rom\u00e2n! El nu este ales pre\u0219edintele Rom\u00e2niei. El a fost ales senator de Bihor dup\u0103 o propagand\u0103 uria\u0219\u0103 de ani de zile din bani publici c\u00e2nd \u0219i-a construit o imagine de mare administrator. Acum vremelnic se afl\u0103 \u00eentr-o pozi\u021bie interimar\u0103 care desigur, legal \u00eei d\u0103 posibilitatea s\u0103 ia ni\u0219te decizii, dar moral nu are niciun drept s\u0103 ia decizii \u00een numele poporului rom\u00e2n, decizii care vor afecta via\u021ba poporului rom\u00e2n. 03:25 \u0218i m\u0103 refer aici la faptul c\u0103 \u0103\u0219tia din re\u021beaua soro\u0219ist\u0103 care \u00eencep s\u0103 \u00eei dea ordine s\u0103 pun\u0103 \u0219ef la SRI, s\u0103 pun\u0103 nu \u0219tiu ce la \u00cenalta Curte, s\u0103 pun\u0103 judec\u0103tori, \u0219efi de parchete. Nu are niciun drept. Nefiind ales de poporul rom\u00e2n nu are reprezentativitate. Zero voturi de la poporul rom\u00e2n. C\u00e2teva zeci de mii de la Oradea. S\u0103 se duc\u0103 la Oradea \u0219i s\u0103 ia decizii pentru cei de acolo.\u00a0La asta m\u0103 a\u0219teptam ast\u0103zi de la pre\u0219edintele interimar. Ca primele lui mi\u0219c\u0103ri s\u0103 fie cur\u0103\u021barea administra\u021biei preziden\u021biale, scoaterea la lumin\u0103 a probelor, dovezilor pentru care au fost anulate alegerile preziden\u021biale \u0219i \u00een caz c\u0103 nu exist\u0103, de urgen\u021b\u0103 \u00eempreun\u0103 cu guvernul Rom\u00e2niei s\u0103 stabileasc\u0103 turul 2 al alegerilor.\u00a0<\/p>\n<p>Sunt prea multe \u00eentreb\u0103ri f\u0103r\u0103 r\u0103spuns despre trecutul lui Ilie Bolojan. Ast\u0103zi pre\u0219edinte interimar. 06:12 \u0218i vreau s\u0103 le spun celor care cred c\u0103 Ilie Bolojan poate s\u0103 se \u00eent\u00e2lneasc\u0103. Am auzit ast\u0103zi c\u0103 poate s\u0103 se \u00eent\u00e2lneasc\u0103 cu pre\u0219edintele Americii&#8230;este o cutum\u0103 foarte clar\u0103. Atunci c\u00e2nd exist\u0103 un pre\u0219edinte interimar nimeni nu vine \u00een vizit\u0103 oficial\u0103 sau dac\u0103 vine discu\u021biile sunt ori cu guvernul ori la un nivel doar de curtoazie, \u00een niciun caz de decizii.\u00a0Este adev\u0103rat c\u0103 Ilie Bolojan a fost \u0219ofer de tir? A fugit cu tirul \u00een Germania? A fost ridicat de interpol? Este adev\u0103rat c\u0103 are ceva probleme de s\u0103n\u0103tate?Vrem s\u0103 \u0219tim dac\u0103 domnul Bolojan a fost coleg de facultate \u0219i prieten cu Florian Coldea. Vrem s\u0103 \u0219tim de ce \u00ee\u0219i dorea Ilie Bolojan s\u0103 aduc\u0103 universitatea lui Soros la Oradea.\u00a0\u00a0<\/p>\n<p>Am v\u0103zut c\u0103 \u0219i prietenul lui domnul Ciolo\u0219 l-a l\u0103udat pe domnul Bolojan. Ei sunt \u00eentr-o ga\u0219c\u0103, \u00een\u021belege\u021bi? \u0218i aceast\u0103 ga\u0219c\u0103, a\u0219a cum am spus, \u00ee\u0219i dore\u0219te s\u0103 revin\u0103 la butoanele justi\u021biei, la butoanele serviciilor secrete \u0219i s\u0103 conduc\u0103 din nou Rom\u00e2nia \u0219i chiar s\u0103 bage din nou USR la guvernare.\u00a0Domnul Predoiu. Nu suntem singurii care am semnalat de ceva vreme c\u0103 domnul Predoiu p\u0103store\u0219te ni\u0219te personaje care se duc s\u0103 intimideze lumea.<\/p>\n<p>Sunt convins\u0103 c\u0103 sunt supus\u0103 unui atac prin care se \u00eencearc\u0103 discreditarea mea. Dar e posibil ca \u00een acest weekend s\u0103 avem ni\u0219te ve\u0219ti foarte interesante. Sigur, m\u0103 atac\u0103 tot felul de personaje care spun c\u0103 am zis eu c\u0103 vin americanii s\u0103 cerceteze&#8230;n-am spus niciodat\u0103 a\u0219a ceva.\u00a0<\/p>\n<p>\u0218i cu aceste perchezi\u021bii \u00eei v\u0103d pe unii b\u0103i jurnali\u0219ti care se bucur\u0103 \u0219i spun c\u0103 se str\u00e2nge la\u021bul. Se str\u00e2nge la\u021bul \u00een jurul celor care au distrus \u021bara asta. Mi se pare gre\u021bos \u0219i inadmisibil s\u0103 aplauda\u021bi aceste abuzuri&#8221;, a declarat Anca Alexandrescu \u00een edi\u021bia de miercuri seara a emisiunii &#8222;Culisele Statului Paralel&#8221;.<\/p>","protected":false},"excerpt":{"rendered":"<p>&#8222;Evident, a\u0219a cum m\u0103 a\u0219teptam, primul telefon a fost cu prietena Maia Sandu cu care&hellip;<\/p>\n","protected":false},"author":0,"featured_media":31294,"comment_status":"open","ping_status":"open","sticky":false,"template":"","format":"standard","meta":{"footnotes":""},"categories":[3],"tags":[],"class_list":["post-31293","post","type-post","status-publish","format-standard","has-post-thumbnail","hentry","category-politica"],"_links":{"self":[{"href":"https:\/\/247stiri.ro\/index.php\/wp-json\/wp\/v2\/posts\/31293","targetHints":{"allow":["GET"]}}],"collection":[{"href":"https:\/\/247stiri.ro\/index.php\/wp-json\/wp\/v2\/posts"}],"about":[{"href":"https:\/\/247stiri.ro\/index.php\/wp-json\/wp\/v2\/types\/post"}],"replies":[{"embeddable":true,"href":"https:\/\/247stiri.ro\/index.php\/wp-json\/wp\/v2\/comments?post=31293"}],"version-history":[{"count":0,"href":"https:\/\/247stiri.ro\/index.php\/wp-json\/wp\/v2\/posts\/31293\/revisions"}],"wp:featuredmedia":[{"embeddable":true,"href":"https:\/\/247stiri.ro\/index.php\/wp-json\/wp\/v2\/media\/31294"}],"wp:attachment":[{"href":"https:\/\/247stiri.ro\/index.php\/wp-json\/wp\/v2\/media?parent=31293"}],"wp:term":[{"taxonomy":"category","embeddable":true,"href":"https:\/\/247stiri.ro\/index.php\/wp-json\/wp\/v2\/categories?post=31293"},{"taxonomy":"post_tag","embeddable":true,"href":"https:\/\/247stiri.ro\/index.php\/wp-json\/wp\/v2\/tags?post=31293"}],"curies":[{"name":"wp","href":"https:\/\/api.w.org\/{rel}","templated":true}]}}