{"id":313,"date":"2024-10-20T16:48:26","date_gmt":"2024-10-20T16:48:26","guid":{"rendered":"https:\/\/247stiri.ro\/index.php\/2024\/10\/20\/nicolae-ciuca-transeaza-problema-pensiilor-militare-sper-ca-ciolacu-sa-inteleaga\/"},"modified":"2024-10-20T16:48:26","modified_gmt":"2024-10-20T16:48:26","slug":"nicolae-ciuca-transeaza-problema-pensiilor-militare-sper-ca-ciolacu-sa-inteleaga","status":"publish","type":"post","link":"https:\/\/247stiri.ro\/index.php\/2024\/10\/20\/nicolae-ciuca-transeaza-problema-pensiilor-militare-sper-ca-ciolacu-sa-inteleaga\/","title":{"rendered":"Nicolae Ciuc\u0103 tran\u0219eaz\u0103 problema pensiilor militare. \u201eSper ca Ciolacu s\u0103 \u00een\u021beleag\u0103\u201d"},"content":{"rendered":"<p>Ciuc\u0103 a accentuat necesitatea de a elimina discrimin\u0103rile \u00een cadrul sistemului de pensii. Aceast\u0103 inechitate devine evident\u0103, \u00een special atunci c\u00e2nd se compar\u0103 carierele a doi militari cu grade similare, dar care au ie\u0219it la pensie \u00een ani diferi\u021bi. Cu toate c\u0103 ambele persoane au servit un num\u0103r considerabil de ani \u00een armat\u0103, diferen\u021bele de venituri la pensie sunt, din punct de vedere moral \u0219i financiar, inacceptabile. Acest aspect a generat frustrare \u00een r\u00e2ndul militarilor, care se simt ne\u00een\u021bele\u0219i \u0219i nedrept\u0103\u021bi\u021bi.<\/p>\n<p>Mai mult, Nicolae Ciuc\u0103 a spus c\u0103 l-a presat pe premierul Marcel Ciolacu pentru a semna aceasta lege:<\/p>\n<p>\u201eAia cu rezervi\u0219tii este legea eplecat\u0103 de la noi. Sper ca Ciolacu s\u0103 \u00een\u021beleag\u0103 s\u0103 o semneze. Nu e normal s\u0103 fie a\u0219a. Pentru c\u0103 a fost o discu\u021bie pe care am avut-o cu el de la \u00eenceput. \u201eB\u0103, trebuie eliminate\u201d.<\/p>\n<p>Nu i-am cerut altceva, dec\u00e2t eliminarea inechit\u0103\u021bilor din sistemul de pensii militare pentru c\u0103 nu e normal ca un om, un maior, de exemplu, care a iesit de pe o func\u021bie \u00een 2011 cu unul care a ie\u0219it \u00een 2013 s\u0103 fie o diferen\u021b\u0103 at\u00e2t de mare la num\u0103r de ani munci\u021bi la func\u021bie, la grad. Adic\u0103 e normal c\u0103 este frustrant \u0219i de neacceptat.<\/p>\n<p>\u00cel avem la Camera Deputa\u021bilor, a\u0219tept\u0103m s\u0103 se hot\u0103rasc\u0103 s\u0103 \u00eel voteze\u201d, a spus Nicolae Ciuc\u0103.<\/p>\n\n<p><a title='Florin Roman arunca in aer proiectul de tara al lui Ciolacu. \"Ca Dragnea. La fel de populist si fantezist\"' href=\"https:\/\/www.realitatea.net\/stiri\/actual\/florin-roman-arunca-in-aer-proiectul-de-tara-al-lui-ciolacu-ca-dragnea-la-fel-de-populist-si-fantezist_67150107826f4302525757c2\">Florin Roman arunc\u0103 \u00een aer proiectul de \u021bar\u0103 al lui Ciolacu. \u201dCa Dragnea. La fel de populist \u0219i fantezist\u201d<\/a><\/p>","protected":false},"excerpt":{"rendered":"<p>Ciuc\u0103 a accentuat necesitatea de a elimina discrimin\u0103rile \u00een cadrul sistemului de pensii. Aceast\u0103 inechitate&hellip;<\/p>\n","protected":false},"author":0,"featured_media":306,"comment_status":"open","ping_status":"open","sticky":false,"template":"","format":"standard","meta":{"footnotes":""},"categories":[2],"tags":[],"class_list":["post-313","post","type-post","status-publish","format-standard","has-post-thumbnail","hentry","category-actual"],"_links":{"self":[{"href":"https:\/\/247stiri.ro\/index.php\/wp-json\/wp\/v2\/posts\/313","targetHints":{"allow":["GET"]}}],"collection":[{"href":"https:\/\/247stiri.ro\/index.php\/wp-json\/wp\/v2\/posts"}],"about":[{"href":"https:\/\/247stiri.ro\/index.php\/wp-json\/wp\/v2\/types\/post"}],"replies":[{"embeddable":true,"href":"https:\/\/247stiri.ro\/index.php\/wp-json\/wp\/v2\/comments?post=313"}],"version-history":[{"count":0,"href":"https:\/\/247stiri.ro\/index.php\/wp-json\/wp\/v2\/posts\/313\/revisions"}],"wp:featuredmedia":[{"embeddable":true,"href":"https:\/\/247stiri.ro\/index.php\/wp-json\/wp\/v2\/media\/306"}],"wp:attachment":[{"href":"https:\/\/247stiri.ro\/index.php\/wp-json\/wp\/v2\/media?parent=313"}],"wp:term":[{"taxonomy":"category","embeddable":true,"href":"https:\/\/247stiri.ro\/index.php\/wp-json\/wp\/v2\/categories?post=313"},{"taxonomy":"post_tag","embeddable":true,"href":"https:\/\/247stiri.ro\/index.php\/wp-json\/wp\/v2\/tags?post=313"}],"curies":[{"name":"wp","href":"https:\/\/api.w.org\/{rel}","templated":true}]}}