{"id":3130,"date":"2024-10-30T14:15:44","date_gmt":"2024-10-30T14:15:44","guid":{"rendered":"https:\/\/247stiri.ro\/index.php\/2024\/10\/30\/fenomen-grav-in-romania-oameni-care-se-arunca-intentionat-in-fata-masinilor-2-pietoni-surprinsi-de-camerele-de-luat-vederi\/"},"modified":"2024-10-30T14:15:44","modified_gmt":"2024-10-30T14:15:44","slug":"fenomen-grav-in-romania-oameni-care-se-arunca-intentionat-in-fata-masinilor-2-pietoni-surprinsi-de-camerele-de-luat-vederi","status":"publish","type":"post","link":"https:\/\/247stiri.ro\/index.php\/2024\/10\/30\/fenomen-grav-in-romania-oameni-care-se-arunca-intentionat-in-fata-masinilor-2-pietoni-surprinsi-de-camerele-de-luat-vederi\/","title":{"rendered":"Fenomen GRAV \u00een Rom\u00e2nia! Oameni care se arunc\u0103 inten\u021bionat \u00een fa\u021ba ma\u0219inilor: 2 pietoni surprin\u0219i de camerele de luat vederi"},"content":{"rendered":"<p>Ce au anun\u021bat poli\u021bi\u0219tii<\/p>\n<p><a href=\"https:\/\/www.realitatea.net\/stiri\/actual\/accident-mortal-pe-trecerea-de-pietoni-un-barbat-a-fost-lovit-in-plin_672212e7c07a1b0c470bb582\" target=\"_blank\" rel=\"noopener\">Primul incident<\/a> a avut loc pe 16 octombrie, pe strada Albinelor, unde un b\u0103rbat de 37 de ani a fost lovit de o ma\u0219in\u0103 pe trecerea de pietoni. Conform primelor investiga\u021bii ale poli\u021biei, acesta s-ar fi aruncat inten\u021bionat \u00een fa\u021ba vehiculului.<\/p>\n<p><a href=\"https:\/\/www.realitatea.net\/stiri\/actual\/a-avut-loc-primul-accident-pe-autostrada-moldovei-un-sofer-a-intrat-cu-masina-pe-un-drum-inchis-si-sa-izbit-de-un-palet-cu-glisiere-metalice_67220be19f62df3ca457cd84\" target=\"_blank\" rel=\"noopener\">Al doilea incident<\/a> a avut loc pe 21 octombrie, pe strada Nuferilor, \u0219i a implicat un b\u0103rbat de 51 de ani care, \u00een mod similar, s-ar fi aruncat \u00een fa\u021ba unei alte ma\u0219ini. \u00cen urma impactului, acesta a suferit r\u0103ni grave \u0219i a fost preluat de o ambulan\u021b\u0103 pentru \u00eengrijiri medicale.<\/p>\n<p>Inspectoratul General al Poli\u021biei Rom\u00e2ne a emis o declara\u021bie oficial\u0103, avertiz\u00e2nd asupra acestor incidente \u0219i recomand\u0103 \u0219oferilor s\u0103 instaleze camere de bord pentru a putea documenta situa\u021bii similare. De asemenea, poli\u021bi\u0219tii \u00eencurajeaz\u0103 cet\u0103\u021benii care se confrunt\u0103 cu astfel de cazuri s\u0103 anun\u021be imediat autorit\u0103\u021bile.<\/p>\n<p>\u201eDorim s\u0103 atragem aten\u021bia \u0219oferilor asupra unor astfel de situa\u021bii \u0219i s\u0103 le recomand\u0103m s\u0103 ia m\u0103suri suplimentare de siguran\u021b\u0103, cum ar fi montarea de camere video \u00een autoturisme,\u201d a transmis IGPR.<\/p>","protected":false},"excerpt":{"rendered":"<p>Ce au anun\u021bat poli\u021bi\u0219tii Primul incident a avut loc pe 16 octombrie, pe strada Albinelor,&hellip;<\/p>\n","protected":false},"author":0,"featured_media":3131,"comment_status":"open","ping_status":"open","sticky":false,"template":"","format":"standard","meta":{"footnotes":""},"categories":[2],"tags":[],"class_list":["post-3130","post","type-post","status-publish","format-standard","has-post-thumbnail","hentry","category-actual"],"_links":{"self":[{"href":"https:\/\/247stiri.ro\/index.php\/wp-json\/wp\/v2\/posts\/3130","targetHints":{"allow":["GET"]}}],"collection":[{"href":"https:\/\/247stiri.ro\/index.php\/wp-json\/wp\/v2\/posts"}],"about":[{"href":"https:\/\/247stiri.ro\/index.php\/wp-json\/wp\/v2\/types\/post"}],"replies":[{"embeddable":true,"href":"https:\/\/247stiri.ro\/index.php\/wp-json\/wp\/v2\/comments?post=3130"}],"version-history":[{"count":0,"href":"https:\/\/247stiri.ro\/index.php\/wp-json\/wp\/v2\/posts\/3130\/revisions"}],"wp:featuredmedia":[{"embeddable":true,"href":"https:\/\/247stiri.ro\/index.php\/wp-json\/wp\/v2\/media\/3131"}],"wp:attachment":[{"href":"https:\/\/247stiri.ro\/index.php\/wp-json\/wp\/v2\/media?parent=3130"}],"wp:term":[{"taxonomy":"category","embeddable":true,"href":"https:\/\/247stiri.ro\/index.php\/wp-json\/wp\/v2\/categories?post=3130"},{"taxonomy":"post_tag","embeddable":true,"href":"https:\/\/247stiri.ro\/index.php\/wp-json\/wp\/v2\/tags?post=3130"}],"curies":[{"name":"wp","href":"https:\/\/api.w.org\/{rel}","templated":true}]}}