{"id":31331,"date":"2025-02-13T08:44:53","date_gmt":"2025-02-13T08:44:53","guid":{"rendered":"https:\/\/247stiri.ro\/index.php\/2025\/02\/13\/ministrul-german-de-externe-europa-trebuie-sa-se-implice-pe-deplin-in-discutiile-de-pace-privind-ucraina\/"},"modified":"2025-02-13T08:44:53","modified_gmt":"2025-02-13T08:44:53","slug":"ministrul-german-de-externe-europa-trebuie-sa-se-implice-pe-deplin-in-discutiile-de-pace-privind-ucraina","status":"publish","type":"post","link":"https:\/\/247stiri.ro\/index.php\/2025\/02\/13\/ministrul-german-de-externe-europa-trebuie-sa-se-implice-pe-deplin-in-discutiile-de-pace-privind-ucraina\/","title":{"rendered":"Ministrul german de Externe: Europa trebuie s\u0103 se implice pe deplin \u00een discu\u021biile de pace privind Ucraina"},"content":{"rendered":"<p>\u201eNu putem avea discu\u0163ii f\u0103r\u0103 implicarea Ucrainei. Este \u00een joc pacea \u00een Europa, de aceea noi, europenii, trebuie s\u0103 fim implica\u0163i\u201d, a declarat Baerbock \u00eentr-un interviu pentru Radio Deutschlandfunk.<\/p>\n<p>Pre\u015fedintele american Donald Trump a discutat miercuri despre r\u0103zboiul din Ucraina \u00eentr-o convorbire telefonic\u0103 cu liderul rus Vladimir Putin \u015fi, separat, cu liderul ucrainean Volodimir Zelenski.<\/p>\n<p>Ministrul german de externe a declarat c\u0103 nu a fost informat\u0103 \u00een prealabil cu privire la aceste convorbiri. \u201eAcesta este modul \u00een care opereaz\u0103 administra\u0163ia Trump. Acesta este motivul pentru care este necesar\u0103 o comunicare reciproc\u0103 constant\u0103 cu diver\u015fii actori. Acest lucru, de asemenea, este diferit de alte vremuri. Acesta nu este modul \u00een care al\u0163ii fac politic\u0103 extern\u0103, dar aceasta este acum realitatea\u201d, a declarat Baerbock, care este membr\u0103 a partidului Verzilor din Germania.<\/p>\n<p>La r\u00e2ndul s\u0103u, co-liderul social-democra\u0163ilor germani ai cancelarului german Olaf Scholz a declarat joi pentru Reuters c\u0103 Europa \u015fi Germania trebuie s\u0103 \u00ee\u015fi asume mai mult\u0103 responsabilitate. \u201eCeea ce este necesar acum este un semnal rapid \u015fi ferm \u015fi, de asemenea, o ofert\u0103 extins\u0103 c\u0103tre Statele Unite\u201d, a declarat co-liderul SPD, Lars Klingbeil.<\/p>\n<p>Trump a ordonat \u00eenal\u0163ilor oficiali americani s\u0103 \u00eenceap\u0103 discu\u0163iile privind \u00eencetarea r\u0103zboiului, dar nu a explicat exact cum va realiza acest lucru.<\/p>","protected":false},"excerpt":{"rendered":"<p>\u201eNu putem avea discu\u0163ii f\u0103r\u0103 implicarea Ucrainei. Este \u00een joc pacea \u00een Europa, de aceea&hellip;<\/p>\n","protected":false},"author":0,"featured_media":31332,"comment_status":"open","ping_status":"open","sticky":false,"template":"","format":"standard","meta":{"footnotes":""},"categories":[4],"tags":[],"class_list":["post-31331","post","type-post","status-publish","format-standard","has-post-thumbnail","hentry","category-extern"],"_links":{"self":[{"href":"https:\/\/247stiri.ro\/index.php\/wp-json\/wp\/v2\/posts\/31331","targetHints":{"allow":["GET"]}}],"collection":[{"href":"https:\/\/247stiri.ro\/index.php\/wp-json\/wp\/v2\/posts"}],"about":[{"href":"https:\/\/247stiri.ro\/index.php\/wp-json\/wp\/v2\/types\/post"}],"replies":[{"embeddable":true,"href":"https:\/\/247stiri.ro\/index.php\/wp-json\/wp\/v2\/comments?post=31331"}],"version-history":[{"count":0,"href":"https:\/\/247stiri.ro\/index.php\/wp-json\/wp\/v2\/posts\/31331\/revisions"}],"wp:featuredmedia":[{"embeddable":true,"href":"https:\/\/247stiri.ro\/index.php\/wp-json\/wp\/v2\/media\/31332"}],"wp:attachment":[{"href":"https:\/\/247stiri.ro\/index.php\/wp-json\/wp\/v2\/media?parent=31331"}],"wp:term":[{"taxonomy":"category","embeddable":true,"href":"https:\/\/247stiri.ro\/index.php\/wp-json\/wp\/v2\/categories?post=31331"},{"taxonomy":"post_tag","embeddable":true,"href":"https:\/\/247stiri.ro\/index.php\/wp-json\/wp\/v2\/tags?post=31331"}],"curies":[{"name":"wp","href":"https:\/\/api.w.org\/{rel}","templated":true}]}}