{"id":31337,"date":"2025-02-13T08:44:55","date_gmt":"2025-02-13T08:44:55","guid":{"rendered":"https:\/\/247stiri.ro\/index.php\/2025\/02\/13\/trecutul-controversat-al-lui-ilie-bolojan-acuzatii-grave-la-adresa-presedintelui-interimar-al-romaniei-a-furat-un-camion-cu-marfa-din-germania\/"},"modified":"2025-02-13T08:44:55","modified_gmt":"2025-02-13T08:44:55","slug":"trecutul-controversat-al-lui-ilie-bolojan-acuzatii-grave-la-adresa-presedintelui-interimar-al-romaniei-a-furat-un-camion-cu-marfa-din-germania","status":"publish","type":"post","link":"https:\/\/247stiri.ro\/index.php\/2025\/02\/13\/trecutul-controversat-al-lui-ilie-bolojan-acuzatii-grave-la-adresa-presedintelui-interimar-al-romaniei-a-furat-un-camion-cu-marfa-din-germania\/","title":{"rendered":"Trecutul controversat al lui Ilie Bolojan. Acuza\u021bii grave la adresa pre\u0219edintelui interimar al Rom\u00e2niei: \u201dA furat un camion cu marf\u0103 din Germania\u201d"},"content":{"rendered":"<p><a href=\"https:\/\/www.realitatea.net\/stiri\/politica\/ion-cristoiu-il-face-praf-pe-bolojan-a-ajuns-presedinte-interimar-din-intamplare_67ad8a4dd295cf333d7c3d12\" target=\"_blank\">Ilie Bolojan<\/a> vine la Cotroceni dup\u0103 ce a avut o carier\u0103 politic\u0103 extrem de controversat\u0103. El a ajuns la conducerea jude\u021bului Bihor \u00een 2005, c\u00e2nd a fost numit prefect de c\u0103tre C\u0103lin Popescu T\u0103riceanu. Acest eveniment din cariera lui Bolojan a fost consemnat\u0103 de c\u0103tre ambasadorul Statelor Unite \u00een Rom\u00e2nia, Nicholas Taubman. Trimisul americanilor relata Departamentului de stat c\u0103 re\u021beaua de corup\u021bie din Rom\u00e2nia este una extrem de puternic\u0103.<\/p>\n<p>Ambasadorul scria \u00een nota trimis\u0103 la Washington DC: \u201dTensiunile din Bihor au devenit at\u00e2t de mari \u00eenc\u00e2t Vasile Blaga, ministrul Administra\u021biei \u0219i Internelor, a intervenit la sf\u00e2r\u0219itul lunii noiembrie pentru a-i repro\u0219a prefectului c\u0103 \u0219i-a dep\u0103\u0219it atribu\u021biile \u0219i, posibil, pentru a-l \u00eendemna pe primar s\u0103-\u0219i reconsidere politicile. Not\u0103: Bolojan a fost o selec\u021bie surpriz\u0103 de tip dark horse (candidat \u00eenving\u0103tor de\u0219i se \u0219tiu pu\u021bine despre el n.n.) pentru func\u021bia de prefect, o dezv\u0103luire recent\u0103 sus\u021bin\u00e2nd c\u0103 el \u00ee\u0219i datoreaz\u0103 numirea sprijinului lui Ioan \u0219i Viorel Micula, proprietarii puternicului \u00eembuteliator European Drinks din Bihor\u201d.\u00a0<\/p>\n<p>Ilie Bolojan este acuzat de c\u0103tre mai multe persoane din spa\u021biul public de faptul c\u0103 a furat un camion cu marf\u0103 din Germania.<\/p>\n<p>\u201dA fost \u0219i \u0219ofer pe un camion de marf\u0103 \u00een or\u0103\u0219elul german Birken. A disp\u0103rut cu camionul de marf\u0103. A fost c\u0103utat prin Interpol, \u00een \u00eentreaga lume, \u0219i a fost identificat \u00eentr-o alt\u0103 \u021bar\u0103, unde a fost re\u021binut, f\u0103cut pachet \u0219i trimis \u00een \u021bar\u0103\u201d, a declarat Sorin Ro\u0219ca St\u0103nescu.<\/p>\n<p>Senatorul Andrei D\u00eerl\u0103u a f\u0103cut acuza\u021bii extrem de grave la adresa lui Ilie Bolojan. Parlamentarul a scris pe pagina sa de Facebook c\u0103, mai bine de 5 ani, \u00een centrul municipiului Oradea nu a existat niciun monument cu Mihai Viteazul. \u00cen 2019, prim\u0103ria condus\u0103 de Ilie Bolojan a dat jos statuia destinat\u0103 fostului domnitor care a unit Moldova, Ardealul \u0219i \u021aara Rom\u00e2neasc\u0103, iar \u00een loc a fost ridicat\u0103 una a lui Ferdinand I al Rom\u00e2niei.<\/p>\n<p>Monumentul Unirii a \u00eent\u00e2rziat s\u0103 apar\u0103 \u00een Oradea o perioad\u0103 lung\u0103 de timp, \u00een acela\u0219i timp au fost ridicate \u00een ora\u0219 statui destinate regilor \u0219i principilor maghiari.<\/p>\n<p>Senatorul sus\u021bine c\u0103 Ilie Bolojan a ridicat mai multe simboluri maghiare \u00een locul celor rom\u00e2ne\u0219ti, \u00een perioada \u00een care a condus prim\u0103ria municipiului Oradea \u0219i Consiliul Jude\u021bean Bihor. Actualul pre\u0219edinte interimar a schimbat \u0219i denumirea Podului Prim\u0103riei \u00een Podul Sf\u00e2ntul Ladislau, unul dintre cei trei regi ca importan\u021b\u0103 din istoria Ungariei Mari, totul la cererea UDMR.<\/p>\n<p>\u00a0<\/p>","protected":false},"excerpt":{"rendered":"<p>Ilie Bolojan vine la Cotroceni dup\u0103 ce a avut o carier\u0103 politic\u0103 extrem de controversat\u0103.&hellip;<\/p>\n","protected":false},"author":0,"featured_media":31338,"comment_status":"open","ping_status":"open","sticky":false,"template":"","format":"standard","meta":{"footnotes":""},"categories":[3],"tags":[],"class_list":["post-31337","post","type-post","status-publish","format-standard","has-post-thumbnail","hentry","category-politica"],"_links":{"self":[{"href":"https:\/\/247stiri.ro\/index.php\/wp-json\/wp\/v2\/posts\/31337","targetHints":{"allow":["GET"]}}],"collection":[{"href":"https:\/\/247stiri.ro\/index.php\/wp-json\/wp\/v2\/posts"}],"about":[{"href":"https:\/\/247stiri.ro\/index.php\/wp-json\/wp\/v2\/types\/post"}],"replies":[{"embeddable":true,"href":"https:\/\/247stiri.ro\/index.php\/wp-json\/wp\/v2\/comments?post=31337"}],"version-history":[{"count":0,"href":"https:\/\/247stiri.ro\/index.php\/wp-json\/wp\/v2\/posts\/31337\/revisions"}],"wp:featuredmedia":[{"embeddable":true,"href":"https:\/\/247stiri.ro\/index.php\/wp-json\/wp\/v2\/media\/31338"}],"wp:attachment":[{"href":"https:\/\/247stiri.ro\/index.php\/wp-json\/wp\/v2\/media?parent=31337"}],"wp:term":[{"taxonomy":"category","embeddable":true,"href":"https:\/\/247stiri.ro\/index.php\/wp-json\/wp\/v2\/categories?post=31337"},{"taxonomy":"post_tag","embeddable":true,"href":"https:\/\/247stiri.ro\/index.php\/wp-json\/wp\/v2\/tags?post=31337"}],"curies":[{"name":"wp","href":"https:\/\/api.w.org\/{rel}","templated":true}]}}