{"id":31346,"date":"2025-02-13T08:44:58","date_gmt":"2025-02-13T08:44:58","guid":{"rendered":"https:\/\/247stiri.ro\/index.php\/2025\/02\/13\/incident-grav-in-dolj-un-barbat-de-45-de-ani-a-fost-injunghiat-de-propriul-fiu-care-este-starea-de-sanatate-a-victimei\/"},"modified":"2025-02-13T08:44:58","modified_gmt":"2025-02-13T08:44:58","slug":"incident-grav-in-dolj-un-barbat-de-45-de-ani-a-fost-injunghiat-de-propriul-fiu-care-este-starea-de-sanatate-a-victimei","status":"publish","type":"post","link":"https:\/\/247stiri.ro\/index.php\/2025\/02\/13\/incident-grav-in-dolj-un-barbat-de-45-de-ani-a-fost-injunghiat-de-propriul-fiu-care-este-starea-de-sanatate-a-victimei\/","title":{"rendered":"Incident grav \u00een Dolj. Un b\u0103rbat de 45 de ani a fost \u00eenjunghiat de propriul fiu. Care este starea de s\u0103n\u0103tate a victimei"},"content":{"rendered":"<p>Incidentul a avut loc miercuri, \u00een jurul orei 04:30 diminea\u021b\u0103, \u00een satul Covei, comuna Afuma\u021bi, jude\u021bul Dolj, dup\u0103 ce \u00eentre cei doi ar fi izbucnit un conflict spontan.\u00a0<\/p>\n<p>La un moment dat, t\u00e2n\u0103rul de 20 de ani a pus m\u00e2na pe un obiect t\u0103ietor \u0219i \u0219i-a<a href=\"https:\/\/www.realitatea.net\/stiri\/extern\/un-adolescent-in-varsta-de-15-ani-injunghiat-mortal-intrun-liceu-din-anglia-mesajul-premierului-keir-starmer_67a1c62228127f42047914b3\" target=\"_blank\"> \u00eenjunghiat<\/a> tat\u0103l, iar ulterior a fugit de la fa\u021ba locului.\u00a0<\/p>\n<p>Alarma a fost dat\u0103 de sora agresorului care a pus m\u00e2na pe telefon \u0219i a sunat la 112 pentru a raporta faptul c\u0103 fratele s\u0103u l-a agresat pe tat\u0103l lor.\u00a0<\/p>\n<p>\u201dLa fa\u0163a locului s-au deplasat de urgen\u0163\u0103 poli\u0163i\u015ftii, care au stabilit c\u0103, \u00een timp ce se aflau la locuin\u0163a din comuna Afuma\u0163i, sat Covei, \u00eentre un b\u0103rbat de 45 de ani \u015fi fiul acestuia, un t\u00e2n\u0103r de 20 de ani, din Catane, care locuie\u015fte f\u0103r\u0103 forme legale la locuin\u0163a tat\u0103lui s\u0103u, a izbucnit un conflict spontan. \u00cen timpul conflictului, b\u0103rbatul ar fi fost \u00een\u0163epat \u00een zona spatelui, cu un obiect t\u0103ietor-\u00een\u0163ep\u0103tor, de c\u0103tre fiul acestuia, care ulterior a p\u0103r\u0103sit locuin\u0163a, plec\u00e2nd \u00eentr-o direc\u0163ie necunoscut\u0103\u201d, au transmis poli\u0163i\u015ftii.<\/p>\n<p>De asemena, la locul unde a avut loc incidentul a intervenit \u0219i un echipaj de ambulan\u021b\u0103 care a prelulat victima, con\u0219tient\u0103, \u0219i a transportat-o de urgen\u021b\u0103 la spital pentru a-i fi acordate \u00eengrijirile medicale specifice.\u00a0<\/p>\n<p>\u00centre timp, poli\u021bi\u0219tii au pornit \u00een c\u0103utarea agresorului de 20 de ani pe care l-au prins \u00een comuna Catane.\u00a0Ulterior, acesta a fost dus la audieri \u0219i apoi a fost re\u021binut pentru 24 de ore pentru s\u0103v\u00e2r\u0219irea infrac\u0163iunii de violen\u0163\u0103 \u00een familie.<\/p>\n<p>\u00cen cursul zilei de joi t\u00e2n\u0103rul va fi prezentat Parchetului de pe l\u00e2ng\u0103 Judec\u0103toria B\u0103ile\u0219ti, unde procurorii vor decide dac\u0103 vor cere arestarea lui preventiv\u0103.<\/p>","protected":false},"excerpt":{"rendered":"<p>Incidentul a avut loc miercuri, \u00een jurul orei 04:30 diminea\u021b\u0103, \u00een satul Covei, comuna Afuma\u021bi,&hellip;<\/p>\n","protected":false},"author":0,"featured_media":31347,"comment_status":"open","ping_status":"open","sticky":false,"template":"","format":"standard","meta":{"footnotes":""},"categories":[2],"tags":[],"class_list":["post-31346","post","type-post","status-publish","format-standard","has-post-thumbnail","hentry","category-actual"],"_links":{"self":[{"href":"https:\/\/247stiri.ro\/index.php\/wp-json\/wp\/v2\/posts\/31346","targetHints":{"allow":["GET"]}}],"collection":[{"href":"https:\/\/247stiri.ro\/index.php\/wp-json\/wp\/v2\/posts"}],"about":[{"href":"https:\/\/247stiri.ro\/index.php\/wp-json\/wp\/v2\/types\/post"}],"replies":[{"embeddable":true,"href":"https:\/\/247stiri.ro\/index.php\/wp-json\/wp\/v2\/comments?post=31346"}],"version-history":[{"count":0,"href":"https:\/\/247stiri.ro\/index.php\/wp-json\/wp\/v2\/posts\/31346\/revisions"}],"wp:featuredmedia":[{"embeddable":true,"href":"https:\/\/247stiri.ro\/index.php\/wp-json\/wp\/v2\/media\/31347"}],"wp:attachment":[{"href":"https:\/\/247stiri.ro\/index.php\/wp-json\/wp\/v2\/media?parent=31346"}],"wp:term":[{"taxonomy":"category","embeddable":true,"href":"https:\/\/247stiri.ro\/index.php\/wp-json\/wp\/v2\/categories?post=31346"},{"taxonomy":"post_tag","embeddable":true,"href":"https:\/\/247stiri.ro\/index.php\/wp-json\/wp\/v2\/tags?post=31346"}],"curies":[{"name":"wp","href":"https:\/\/api.w.org\/{rel}","templated":true}]}}