{"id":31361,"date":"2025-02-13T09:49:56","date_gmt":"2025-02-13T09:49:56","guid":{"rendered":"https:\/\/247stiri.ro\/index.php\/2025\/02\/13\/reactia-nato-dupa-discutiile-trump-putin-privind-pacea-din-ucraina-mark-rutte-kievul-sa-fie-strans-implicat-in-orice-se-intampla\/"},"modified":"2025-02-13T09:49:56","modified_gmt":"2025-02-13T09:49:56","slug":"reactia-nato-dupa-discutiile-trump-putin-privind-pacea-din-ucraina-mark-rutte-kievul-sa-fie-strans-implicat-in-orice-se-intampla","status":"publish","type":"post","link":"https:\/\/247stiri.ro\/index.php\/2025\/02\/13\/reactia-nato-dupa-discutiile-trump-putin-privind-pacea-din-ucraina-mark-rutte-kievul-sa-fie-strans-implicat-in-orice-se-intampla\/","title":{"rendered":"Reac\u021bia NATO dup\u0103 discu\u021biile Trump-Putin privind pacea din Ucraina. Mark Rutte: Kievul s\u0103 fie str\u00e2ns implicat \u00een orice se \u00eent\u00e2mpl\u0103"},"content":{"rendered":"<p>\u201eTo\u021bi vrem pace \u00een Ucraina. Vrem ca Ucraina s\u0103 fie \u00een cea mai bun\u0103 pozi\u021bie c\u00e2nd \u00eencep negocierile\u201d, a afirmat Rutte la sosirea la sediul NATO din Bruxelles, unde urmeaz\u0103 s\u0103 \u00eenceap\u0103 a doua zi a reuniunii mini\u0219trilor ap\u0103r\u0103rii, conform Agerpres.<\/p>\n<p>Secretarul general al NATO a minimalizat declara\u021biile de miercuri ale secretarului american al ap\u0103r\u0103rii, Pete Hegseth, potrivit c\u0103ruia este nerealist ca Ucraina s\u0103 se a\u0219tepte s\u0103 adere la NATO \u00een urma unui acord de pace.<\/p>\n<p>\u201eSuntem o alian\u021b\u0103 a democra\u021biilor \u0219i trebuie s\u0103 avem o dezbatere\u201d, a spus Rutte, ad\u0103ug\u00e2nd c\u0103 Alian\u021ba este ca \u201eo familie care va r\u0103m\u00e2ne timp de genera\u021bii\u201d.<\/p>\n<p>El a evitat un r\u0103spuns clar la \u00eentrebarea dac\u0103 aderarea Ucrainei la NATO este exclus\u0103 \u00een urma declara\u021biilor lui Hegseth.<\/p>\n<p>\u201eCred c\u0103 trebuie s\u0103 ne concentr\u0103m pe chestiunile importante, c\u0103 Ucraina este \u00eentr-o pozi\u021bie puternic\u0103 atunci c\u00e2nd \u00eencep negocierile. Este crucial ca Ucraina s\u0103 fie str\u00e2ns implicat\u0103 \u00een orice se \u00eent\u00e2mpl\u0103 legat de Ucraina. Trebuie s\u0103 ne asigur\u0103m c\u0103 este o \u00een\u021belegere de durat\u0103. Sunt pro-pace, pro-negocieri de pace, dar \u00een acela\u0219i timp trebuie s\u0103 ne asigur\u0103m c\u0103 ceea ce s-a ob\u021binut va r\u0103m\u00e2ne\u201d, a subliniat Mark Rutte.<\/p>\n<p>\u00cenaintea sa, ministrul ap\u0103r\u0103rii din Suedia, Pal Jonson, a spus c\u0103 nu crede c\u0103 \u201eaderarea la NATO a Ucrainei este exclus\u0103\u201c.<\/p>","protected":false},"excerpt":{"rendered":"<p>\u201eTo\u021bi vrem pace \u00een Ucraina. Vrem ca Ucraina s\u0103 fie \u00een cea mai bun\u0103 pozi\u021bie&hellip;<\/p>\n","protected":false},"author":0,"featured_media":31362,"comment_status":"open","ping_status":"open","sticky":false,"template":"","format":"standard","meta":{"footnotes":""},"categories":[4],"tags":[],"class_list":["post-31361","post","type-post","status-publish","format-standard","has-post-thumbnail","hentry","category-extern"],"_links":{"self":[{"href":"https:\/\/247stiri.ro\/index.php\/wp-json\/wp\/v2\/posts\/31361","targetHints":{"allow":["GET"]}}],"collection":[{"href":"https:\/\/247stiri.ro\/index.php\/wp-json\/wp\/v2\/posts"}],"about":[{"href":"https:\/\/247stiri.ro\/index.php\/wp-json\/wp\/v2\/types\/post"}],"replies":[{"embeddable":true,"href":"https:\/\/247stiri.ro\/index.php\/wp-json\/wp\/v2\/comments?post=31361"}],"version-history":[{"count":0,"href":"https:\/\/247stiri.ro\/index.php\/wp-json\/wp\/v2\/posts\/31361\/revisions"}],"wp:featuredmedia":[{"embeddable":true,"href":"https:\/\/247stiri.ro\/index.php\/wp-json\/wp\/v2\/media\/31362"}],"wp:attachment":[{"href":"https:\/\/247stiri.ro\/index.php\/wp-json\/wp\/v2\/media?parent=31361"}],"wp:term":[{"taxonomy":"category","embeddable":true,"href":"https:\/\/247stiri.ro\/index.php\/wp-json\/wp\/v2\/categories?post=31361"},{"taxonomy":"post_tag","embeddable":true,"href":"https:\/\/247stiri.ro\/index.php\/wp-json\/wp\/v2\/tags?post=31361"}],"curies":[{"name":"wp","href":"https:\/\/api.w.org\/{rel}","templated":true}]}}