{"id":31373,"date":"2025-02-13T09:50:01","date_gmt":"2025-02-13T09:50:01","guid":{"rendered":"https:\/\/247stiri.ro\/index.php\/2025\/02\/13\/ministerul-culturii-anunta-demararea-inventarierii-patrimoniului-cultural-national-mobil\/"},"modified":"2025-02-13T09:50:01","modified_gmt":"2025-02-13T09:50:01","slug":"ministerul-culturii-anunta-demararea-inventarierii-patrimoniului-cultural-national-mobil","status":"publish","type":"post","link":"https:\/\/247stiri.ro\/index.php\/2025\/02\/13\/ministerul-culturii-anunta-demararea-inventarierii-patrimoniului-cultural-national-mobil\/","title":{"rendered":"Ministerul Culturii anun\u0163\u0103 demararea inventarierii patrimoniului cultural na\u0163ional mobil"},"content":{"rendered":"<p>\u201e\u00cen acest scop, a fost constituit\u0103 Comisia de inventariere a modului \u00een care este reflectat patrimoniul cultural na\u0163ional mobil \u00een inventarele institu\u0163iilor muzeale, av\u00e2nd ca obiectiv principal corelarea eviden\u0163ei scriptice cu situa\u0163ia fizic\u0103 a bunurilor culturale de\u0163inute. Fiecare institu\u0163ie muzeal\u0103 din subordinea Ministerului Culturii a \u00eenfiin\u0163at o comisie mixt\u0103, integrat\u0103 \u00een comisia de inventariere.<\/p>\n<p>Inventarierea a \u00eenceput deja la Muzeul Na\u0163ional de Istorie a Rom\u00e2niei, Muzeul Na\u0163ional de Art\u0103 al Rom\u00e2niei \u015fi Muzeul Na\u0163ional de Art\u0103 Contemporan\u0103 al Rom\u00e2niei, toate situate \u00een Bucure\u015fti, \u015fi va continua apoi \u00een toate institu\u0163iile muzeale din subordine.<\/p>\n<p>Potrivit Ministerului Culturii, aceste verific\u0103ri reprezint\u0103 un pas important \u00een consolidarea integrit\u0103\u0163ii \u015fi transparen\u0163ei procesului de administrare a patrimoniului cultural na\u0163ional.<\/p>\n<p>Ministerul Culturii reafirm\u0103 angajamentul s\u0103u de a proteja \u015fi valorifica patrimoniul cultural na\u0163ional, asigur\u00e2nd o gestiune eficient\u0103 \u015fi responsabil\u0103 a bunurilor de importan\u0163\u0103 istoric\u0103 \u015fi artistic\u0103\u201d, anun\u021b\u0103 Ministerul Culturii, \u00eentr-un comunicat de pres\u0103.<\/p>","protected":false},"excerpt":{"rendered":"<p>\u201e\u00cen acest scop, a fost constituit\u0103 Comisia de inventariere a modului \u00een care este reflectat&hellip;<\/p>\n","protected":false},"author":0,"featured_media":31374,"comment_status":"open","ping_status":"open","sticky":false,"template":"","format":"standard","meta":{"footnotes":""},"categories":[2],"tags":[],"class_list":["post-31373","post","type-post","status-publish","format-standard","has-post-thumbnail","hentry","category-actual"],"_links":{"self":[{"href":"https:\/\/247stiri.ro\/index.php\/wp-json\/wp\/v2\/posts\/31373","targetHints":{"allow":["GET"]}}],"collection":[{"href":"https:\/\/247stiri.ro\/index.php\/wp-json\/wp\/v2\/posts"}],"about":[{"href":"https:\/\/247stiri.ro\/index.php\/wp-json\/wp\/v2\/types\/post"}],"replies":[{"embeddable":true,"href":"https:\/\/247stiri.ro\/index.php\/wp-json\/wp\/v2\/comments?post=31373"}],"version-history":[{"count":0,"href":"https:\/\/247stiri.ro\/index.php\/wp-json\/wp\/v2\/posts\/31373\/revisions"}],"wp:featuredmedia":[{"embeddable":true,"href":"https:\/\/247stiri.ro\/index.php\/wp-json\/wp\/v2\/media\/31374"}],"wp:attachment":[{"href":"https:\/\/247stiri.ro\/index.php\/wp-json\/wp\/v2\/media?parent=31373"}],"wp:term":[{"taxonomy":"category","embeddable":true,"href":"https:\/\/247stiri.ro\/index.php\/wp-json\/wp\/v2\/categories?post=31373"},{"taxonomy":"post_tag","embeddable":true,"href":"https:\/\/247stiri.ro\/index.php\/wp-json\/wp\/v2\/tags?post=31373"}],"curies":[{"name":"wp","href":"https:\/\/api.w.org\/{rel}","templated":true}]}}