{"id":31378,"date":"2025-02-13T09:50:02","date_gmt":"2025-02-13T09:50:02","guid":{"rendered":"https:\/\/247stiri.ro\/index.php\/2025\/02\/13\/pretentiile-faraonului-ar-putea-sa-ramana-nesatisfacute-iohannis-ar-putea-primi-doar-un-apartament-de-protocol-nu-un-intreg-palat\/"},"modified":"2025-02-13T09:50:02","modified_gmt":"2025-02-13T09:50:02","slug":"pretentiile-faraonului-ar-putea-sa-ramana-nesatisfacute-iohannis-ar-putea-primi-doar-un-apartament-de-protocol-nu-un-intreg-palat","status":"publish","type":"post","link":"https:\/\/247stiri.ro\/index.php\/2025\/02\/13\/pretentiile-faraonului-ar-putea-sa-ramana-nesatisfacute-iohannis-ar-putea-primi-doar-un-apartament-de-protocol-nu-un-intreg-palat\/","title":{"rendered":"Preten\u021biile faraonului ar putea s\u0103 r\u0103m\u00e2n\u0103 nesatisf\u0103cute. Iohannis ar putea primi doar un apartament de protocol, nu un \u00eentreg palat"},"content":{"rendered":"<p>Fostul pre\u0219edinte Klaus Iohannis va primi ca re\u0219edin\u021b\u0103 oficial\u0103 \u00een calitate de fost \u0219ef al statului un apartament \u00eentr-o vil\u0103 de protocol a RA-APPS, au declarat surse guvernamentale oficial, care au precizat c\u0103 Guvernul va aproba o hot\u0103r\u00e2re \u00een acest sens.<\/p>\n<p>\u201eSPP a transmis o cerere c\u0103tre RA-APPS \u00een vederea aloc\u0103rii unei re\u0219edin\u021be oficiale pentru fostul \u0219ef de stat Klaus Iohannis, iar din analiza autorit\u0103\u021bilor guvernamentale a reie\u0219it c\u0103 \u00eei va fi alocat un apartament \u00eentr-o vil\u0103 sau imobil de protocol, cu acest scop\u201d, au precizat sursele citate.<\/p>\n<p><a href=\"https:\/\/www.realitatea.net\/stiri\/actual\/video-iohannis-sa-intors-la-casa-fara-etaj-din-sibiu-spp-sia-instalat-deja-ghereta-in-fata-imobilului_67acf2702b1b173bf41d6682\" target=\"_blank\">VIDEO. Iohannis s-a \u00eentors la casa f\u0103r\u0103 etaj din Sibiu. SPP \u0219i-a instalat deja ghereta \u00een fa\u021ba imobilului<\/a><\/p>\n<p>Dup\u0103 ce a p\u0103r\u0103sit cu fast Palatul Cotroceni, Klaus Iohannis a f\u0103cut o alegere surprinz\u0103toare, opt\u00e2nd s\u0103 nu utilizeze vila de protocol destinat\u0103 fostului pre\u0219edinte, ci s\u0103 se \u00eentoarc\u0103 la Sibiu, ora\u0219ul s\u0103u natal.<\/p>\n\n<p>Legea prevede c\u0103 o astfel de locuin\u021b\u0103 trebuie s\u0103 includ\u0103 pe l\u00e2ng\u0103 spa\u021biul de locuit \u0219i birou \u0219i spa\u021biu de reprezentare. Apartamentul se va afla \u00eentr-o zon\u0103 reziden\u021bial\u0103 cunoscut\u0103 a Capitalei, cel mai probabil \u00een cartierul Prim\u0103verii.<\/p>\n<p>Ministrul Finan\u021belor, Barna Tanczos, a declarat, mar\u021bi seara, la un post TV, c\u0103 Iohannis va solicita o cas\u0103 din partea statului, alta dec\u00e2t cea despre care s-a vehiculat \u00een pres\u0103 c\u0103 ar fi fost preg\u0103tit\u0103 pentru el, dar c\u0103 nu \u0219tie ce locuin\u021b\u0103 va primi fostul pre\u0219edinte.<\/p>","protected":false},"excerpt":{"rendered":"<p>Fostul pre\u0219edinte Klaus Iohannis va primi ca re\u0219edin\u021b\u0103 oficial\u0103 \u00een calitate de fost \u0219ef al&hellip;<\/p>\n","protected":false},"author":0,"featured_media":31366,"comment_status":"open","ping_status":"open","sticky":false,"template":"","format":"standard","meta":{"footnotes":""},"categories":[2],"tags":[],"class_list":["post-31378","post","type-post","status-publish","format-standard","has-post-thumbnail","hentry","category-actual"],"_links":{"self":[{"href":"https:\/\/247stiri.ro\/index.php\/wp-json\/wp\/v2\/posts\/31378","targetHints":{"allow":["GET"]}}],"collection":[{"href":"https:\/\/247stiri.ro\/index.php\/wp-json\/wp\/v2\/posts"}],"about":[{"href":"https:\/\/247stiri.ro\/index.php\/wp-json\/wp\/v2\/types\/post"}],"replies":[{"embeddable":true,"href":"https:\/\/247stiri.ro\/index.php\/wp-json\/wp\/v2\/comments?post=31378"}],"version-history":[{"count":0,"href":"https:\/\/247stiri.ro\/index.php\/wp-json\/wp\/v2\/posts\/31378\/revisions"}],"wp:featuredmedia":[{"embeddable":true,"href":"https:\/\/247stiri.ro\/index.php\/wp-json\/wp\/v2\/media\/31366"}],"wp:attachment":[{"href":"https:\/\/247stiri.ro\/index.php\/wp-json\/wp\/v2\/media?parent=31378"}],"wp:term":[{"taxonomy":"category","embeddable":true,"href":"https:\/\/247stiri.ro\/index.php\/wp-json\/wp\/v2\/categories?post=31378"},{"taxonomy":"post_tag","embeddable":true,"href":"https:\/\/247stiri.ro\/index.php\/wp-json\/wp\/v2\/tags?post=31378"}],"curies":[{"name":"wp","href":"https:\/\/api.w.org\/{rel}","templated":true}]}}