{"id":31379,"date":"2025-02-13T09:50:02","date_gmt":"2025-02-13T09:50:02","guid":{"rendered":"https:\/\/247stiri.ro\/index.php\/2025\/02\/13\/ciolacu-prioritizeaza-recuperarea-intarzierilor-din-pnrr-reformele-devin-principalul-criteriu-de-evaluare-a-activitatii-ministrilor\/"},"modified":"2025-02-13T09:50:02","modified_gmt":"2025-02-13T09:50:02","slug":"ciolacu-prioritizeaza-recuperarea-intarzierilor-din-pnrr-reformele-devin-principalul-criteriu-de-evaluare-a-activitatii-ministrilor","status":"publish","type":"post","link":"https:\/\/247stiri.ro\/index.php\/2025\/02\/13\/ciolacu-prioritizeaza-recuperarea-intarzierilor-din-pnrr-reformele-devin-principalul-criteriu-de-evaluare-a-activitatii-ministrilor\/","title":{"rendered":"Ciolacu prioritizeaz\u0103 recuperarea \u00eent\u00e2rzierilor din PNRR: Reformele devin principalul criteriu de evaluare a activit\u0103\u0163ii mini\u015ftrilor"},"content":{"rendered":"<p>\u201dPrioritatea ultimelor zile a fost s\u0103 recalibr\u0103m eforturile pentru a recupera toate \u00eent\u00e2rzierile din PNRR. Am agreat solu\u0163ii al\u0103turi de exper\u0163ii europeni, urmeaz\u0103 \u00eent\u00e2lniri cu coordonatorii de reforme ca s\u0103 maximiz\u0103m \u015fansele finaliz\u0103rii fiec\u0103rei investi\u0163ii importante din acest program. Vreau s\u0103 anun\u0163 c\u0103 realizarea reformelor din PNRR devine principalul criteriu de evaluare a activit\u0103\u0163ii mini\u015ftrilor. Nu voi ezita s\u0103 iau m\u0103suri severe unde nu apar progrese consistente \u00een lunile viitoare. Cine nu poate \u0163ine ritmul, va pl\u0103ti inclusiv cu func\u0163ia\u201d, a declarat, joi, premierul Marcel Ciolacu, \u00een debutul \u015fedin\u0163ei de Guvern.<\/p>\n<p>Acesta a precizat c\u0103, pe l\u00e2ng\u0103 investi\u0163iile publice din bani europeni, trebuie aduse investi\u0163ii private \u00een economie.<\/p>\n<p>\u201dEste foarte important c\u0103 produc\u0103tori germani din industria auto anun\u0163\u0103 \u00een ultimele zile reloc\u0103ri \u00een Rom\u00e2nia, datorit\u0103 costurilor mai reduse. Faptul c\u0103 avem gaz ieftin conteaz\u0103 enorm \u015fi, de aceea, ne g\u00e2ndim la solu\u0163ii pentru a men\u0163ine pentru mai mult timp pre\u0163ul plafonat la gaz &#8211; nu doar pentru economie, ci \u015fi pentru popula\u0163ie\u201d, a ad\u0103ugat premierul.<\/p>\n<p>Acesta s-a referit la investi\u0163iile \u00een produc\u0163ia de energie care \u00ee\u015fi arat\u0103 deja roadele: aproape 2.000 de megawa\u0163i noi din care aproape jum\u0103tate de la prosumatori.<\/p>\n<p>De asemenea, a vorbit despre cei 20 de mii de beneficiari care pot instala panouri fotovoltaice cu bani de la stat, odat\u0103 cu aprobarea listei \u00een cursul s\u0103pt\u0103m\u00e2nii.<\/p>","protected":false},"excerpt":{"rendered":"<p>\u201dPrioritatea ultimelor zile a fost s\u0103 recalibr\u0103m eforturile pentru a recupera toate \u00eent\u00e2rzierile din PNRR.&hellip;<\/p>\n","protected":false},"author":0,"featured_media":31380,"comment_status":"open","ping_status":"open","sticky":false,"template":"","format":"standard","meta":{"footnotes":""},"categories":[2],"tags":[],"class_list":["post-31379","post","type-post","status-publish","format-standard","has-post-thumbnail","hentry","category-actual"],"_links":{"self":[{"href":"https:\/\/247stiri.ro\/index.php\/wp-json\/wp\/v2\/posts\/31379","targetHints":{"allow":["GET"]}}],"collection":[{"href":"https:\/\/247stiri.ro\/index.php\/wp-json\/wp\/v2\/posts"}],"about":[{"href":"https:\/\/247stiri.ro\/index.php\/wp-json\/wp\/v2\/types\/post"}],"replies":[{"embeddable":true,"href":"https:\/\/247stiri.ro\/index.php\/wp-json\/wp\/v2\/comments?post=31379"}],"version-history":[{"count":0,"href":"https:\/\/247stiri.ro\/index.php\/wp-json\/wp\/v2\/posts\/31379\/revisions"}],"wp:featuredmedia":[{"embeddable":true,"href":"https:\/\/247stiri.ro\/index.php\/wp-json\/wp\/v2\/media\/31380"}],"wp:attachment":[{"href":"https:\/\/247stiri.ro\/index.php\/wp-json\/wp\/v2\/media?parent=31379"}],"wp:term":[{"taxonomy":"category","embeddable":true,"href":"https:\/\/247stiri.ro\/index.php\/wp-json\/wp\/v2\/categories?post=31379"},{"taxonomy":"post_tag","embeddable":true,"href":"https:\/\/247stiri.ro\/index.php\/wp-json\/wp\/v2\/tags?post=31379"}],"curies":[{"name":"wp","href":"https:\/\/api.w.org\/{rel}","templated":true}]}}