{"id":31390,"date":"2025-02-13T10:47:33","date_gmt":"2025-02-13T10:47:33","guid":{"rendered":"https:\/\/247stiri.ro\/index.php\/2025\/02\/13\/ce-se-intampla-de-la-1-aprilie-cu-plafonarea-preturilor-la-energie-anuntul-premierului-ciolacu\/"},"modified":"2025-02-13T10:47:33","modified_gmt":"2025-02-13T10:47:33","slug":"ce-se-intampla-de-la-1-aprilie-cu-plafonarea-preturilor-la-energie-anuntul-premierului-ciolacu","status":"publish","type":"post","link":"https:\/\/247stiri.ro\/index.php\/2025\/02\/13\/ce-se-intampla-de-la-1-aprilie-cu-plafonarea-preturilor-la-energie-anuntul-premierului-ciolacu\/","title":{"rendered":"Ce se \u00eent\u00e2mpl\u0103 de la 1 aprilie cu plafonarea pre\u021burilor la energie. Anun\u021bul premierului Ciolacu"},"content":{"rendered":"<p>Guvernul caut\u0103 solu\u021bii pentru a men\u021bine pentru mai mult timp pre\u021bul plafonat la gaze, nu doar pentru economie, ci \u0219i pentru popula\u021bie, a declarat, joi, premierul Marcel Ciolacu.<\/p>\n<p>\u201ePe l\u00e2ng\u0103 investi\u021biile publice din bani europeni, trebuie s\u0103 aducem \u0219i investi\u021bii private \u00een economie. Este foarte important c\u0103 produc\u0103torii germani din industria auto anun\u021b\u0103 \u00een ultimele zile reloc\u0103ri \u00een Rom\u00e2nia datorit\u0103 costurilor mai reduse. Faptul c\u0103 avem gaz ieftin conteaz\u0103 enorm \u0219i, de aceea, ne g\u00e2ndim la solu\u021bii pentru a men\u021bine pentru mai mult timp pre\u021bul plafonat la gaze, nu doar pentru economie, ci \u0219i pentru popula\u021bie\u201d, a precizat Ciolacu, la \u00eenceputul \u0219edin\u021bei de Guvern.<\/p>\n<p>Potrivit prim-ministrului, se v\u0103d deja \u0219i investi\u021biile \u00een produc\u021bia de energie.<\/p>\n<p>\u201eSunt aproape 2.000 de MW noi, din care aproape jum\u0103tate sunt de la prosumatori. Fondul de mediu anun\u021b\u0103 acum c\u0103 al\u021bi 20.000 de beneficiari pot instala panouri fotovoltaice cu banii de la stat, c\u00e2te 30.000 lei pentru fiecare proiect\u201d, a ad\u0103ugat Marcel Ciolacu.<\/p>","protected":false},"excerpt":{"rendered":"<p>Guvernul caut\u0103 solu\u021bii pentru a men\u021bine pentru mai mult timp pre\u021bul plafonat la gaze, nu&hellip;<\/p>\n","protected":false},"author":0,"featured_media":31391,"comment_status":"open","ping_status":"open","sticky":false,"template":"","format":"standard","meta":{"footnotes":""},"categories":[2],"tags":[],"class_list":["post-31390","post","type-post","status-publish","format-standard","has-post-thumbnail","hentry","category-actual"],"_links":{"self":[{"href":"https:\/\/247stiri.ro\/index.php\/wp-json\/wp\/v2\/posts\/31390","targetHints":{"allow":["GET"]}}],"collection":[{"href":"https:\/\/247stiri.ro\/index.php\/wp-json\/wp\/v2\/posts"}],"about":[{"href":"https:\/\/247stiri.ro\/index.php\/wp-json\/wp\/v2\/types\/post"}],"replies":[{"embeddable":true,"href":"https:\/\/247stiri.ro\/index.php\/wp-json\/wp\/v2\/comments?post=31390"}],"version-history":[{"count":0,"href":"https:\/\/247stiri.ro\/index.php\/wp-json\/wp\/v2\/posts\/31390\/revisions"}],"wp:featuredmedia":[{"embeddable":true,"href":"https:\/\/247stiri.ro\/index.php\/wp-json\/wp\/v2\/media\/31391"}],"wp:attachment":[{"href":"https:\/\/247stiri.ro\/index.php\/wp-json\/wp\/v2\/media?parent=31390"}],"wp:term":[{"taxonomy":"category","embeddable":true,"href":"https:\/\/247stiri.ro\/index.php\/wp-json\/wp\/v2\/categories?post=31390"},{"taxonomy":"post_tag","embeddable":true,"href":"https:\/\/247stiri.ro\/index.php\/wp-json\/wp\/v2\/tags?post=31390"}],"curies":[{"name":"wp","href":"https:\/\/api.w.org\/{rel}","templated":true}]}}