{"id":31392,"date":"2025-02-13T10:47:34","date_gmt":"2025-02-13T10:47:34","guid":{"rendered":"https:\/\/247stiri.ro\/index.php\/2025\/02\/13\/cum-a-prezis-calin-georgescu-plecarea-scandaloasa-a-faraonului-de-la-cotroceni-iohannis-este-innebunit-dupa-lux-si-putere\/"},"modified":"2025-02-13T10:47:34","modified_gmt":"2025-02-13T10:47:34","slug":"cum-a-prezis-calin-georgescu-plecarea-scandaloasa-a-faraonului-de-la-cotroceni-iohannis-este-innebunit-dupa-lux-si-putere","status":"publish","type":"post","link":"https:\/\/247stiri.ro\/index.php\/2025\/02\/13\/cum-a-prezis-calin-georgescu-plecarea-scandaloasa-a-faraonului-de-la-cotroceni-iohannis-este-innebunit-dupa-lux-si-putere\/","title":{"rendered":"Cum a prezis C\u0103lin Georgescu plecarea scandaloas\u0103 a faraonului de la Cotroceni: \u201dIohannis este \u00eennebunit dup\u0103 lux \u0219i putere\u201d"},"content":{"rendered":"<p>Imediat dup\u0103 aceste declara\u021bii, primul turist al \u021b\u0103rii \u0219i-a anun\u021bat demisia, r\u0103m\u00e2n\u00e2nd astfel cu toate privilegiile: cas\u0103 de la stat, protec\u021bie SPP \u0219i ma\u0219in\u0103, beneficii pe care nu le-ar mai fi avut daca era suspendat.\u00a0<\/p>\n<p>\u201dPre\u0219edintele Iohannis nu a fost un pre\u0219edinte al rom\u00e2nilor, ci mai degrab\u0103 un pre\u0219edinte al str\u0103in\u0103t\u0103\u021bii. Sincer, acum nici nu mai conteaz\u0103, dar a\u021bi punctat o chestie foarte interesant\u0103, ei nu realizeaz\u0103, c\u0103 \u00eencep\u00e2nd cu data de 21 decembrie 2024, nu doar c\u0103 este pre\u0219edinte ilegitim \u0219i Guvern iligitim, ci faptul c\u0103 orice fel de document oficial care ar putea s\u0103 fie semnat cu externul este nu doar irelevenat, ci si ilegal\u201d, a declarat <a href=\"https:\/\/www.realitatea.net\/stiri\/politica\/calin-georgescu-lectii-uluitoare-despre-munca-si-suveranitate-viitorul-acestei-tari-este-in-interiorul-ei_67ad8ef4aac0377ded521782\" target=\"_blank\">C\u0103lin Georgescu.<\/a>\u00a0<\/p>\n<p>Pre\u0219edintele ales a subliniat c\u0103 faraonul este \u00eennebunit dup\u0103 lux \u0219i putere \u0219i a prezis o demitere sau o eventual\u0103 demisie a acestuia.\u00a0<\/p>\n<p>\u201dS\u0103 stiti c\u0103 demisia este, \u021bin\u00e2nd cont cu cine avem deaface, un avar \u00eennebunit dup\u0103 bog\u0103\u021bie \u0219i lux \u0219i putere ca s\u0103 \u00ee\u0219i dea demisia \u00eenseamn\u0103 c\u0103 \u00ee\u0219i pierde toate avantajele, el de unul singur, dar poate s\u0103 fie demis\u201d, a mai spus Georgescu.\u00a0\u00a0<\/p>","protected":false},"excerpt":{"rendered":"<p>Imediat dup\u0103 aceste declara\u021bii, primul turist al \u021b\u0103rii \u0219i-a anun\u021bat demisia, r\u0103m\u00e2n\u00e2nd astfel cu toate&hellip;<\/p>\n","protected":false},"author":0,"featured_media":31389,"comment_status":"open","ping_status":"open","sticky":false,"template":"","format":"standard","meta":{"footnotes":""},"categories":[2],"tags":[],"class_list":["post-31392","post","type-post","status-publish","format-standard","has-post-thumbnail","hentry","category-actual"],"_links":{"self":[{"href":"https:\/\/247stiri.ro\/index.php\/wp-json\/wp\/v2\/posts\/31392","targetHints":{"allow":["GET"]}}],"collection":[{"href":"https:\/\/247stiri.ro\/index.php\/wp-json\/wp\/v2\/posts"}],"about":[{"href":"https:\/\/247stiri.ro\/index.php\/wp-json\/wp\/v2\/types\/post"}],"replies":[{"embeddable":true,"href":"https:\/\/247stiri.ro\/index.php\/wp-json\/wp\/v2\/comments?post=31392"}],"version-history":[{"count":0,"href":"https:\/\/247stiri.ro\/index.php\/wp-json\/wp\/v2\/posts\/31392\/revisions"}],"wp:featuredmedia":[{"embeddable":true,"href":"https:\/\/247stiri.ro\/index.php\/wp-json\/wp\/v2\/media\/31389"}],"wp:attachment":[{"href":"https:\/\/247stiri.ro\/index.php\/wp-json\/wp\/v2\/media?parent=31392"}],"wp:term":[{"taxonomy":"category","embeddable":true,"href":"https:\/\/247stiri.ro\/index.php\/wp-json\/wp\/v2\/categories?post=31392"},{"taxonomy":"post_tag","embeddable":true,"href":"https:\/\/247stiri.ro\/index.php\/wp-json\/wp\/v2\/tags?post=31392"}],"curies":[{"name":"wp","href":"https:\/\/api.w.org\/{rel}","templated":true}]}}