{"id":31397,"date":"2025-02-13T10:47:35","date_gmt":"2025-02-13T10:47:35","guid":{"rendered":"https:\/\/247stiri.ro\/index.php\/2025\/02\/13\/viktor-orban-a-primit-o-la-budapesta-pe-sefa-extremei-dreapta-din-germania-este-destul-de-clar-ca-afd-este-viitorul\/"},"modified":"2025-02-13T10:47:35","modified_gmt":"2025-02-13T10:47:35","slug":"viktor-orban-a-primit-o-la-budapesta-pe-sefa-extremei-dreapta-din-germania-este-destul-de-clar-ca-afd-este-viitorul","status":"publish","type":"post","link":"https:\/\/247stiri.ro\/index.php\/2025\/02\/13\/viktor-orban-a-primit-o-la-budapesta-pe-sefa-extremei-dreapta-din-germania-este-destul-de-clar-ca-afd-este-viitorul\/","title":{"rendered":"Viktor Orban a primit-o la Budapesta pe \u015fefa extremei dreapta din Germania: \u201dEste destul de clar c\u0103 AfD este viitorul\u201d"},"content":{"rendered":"<p>Alice Weidel, liderul AfD, a l\u0103udat la r\u00e2ndul s\u0103u Ungaria, care import\u0103 gaz rusesc, pentru politicile energetice \u201esensibile\u201d \u015fi a l\u0103udat pozi\u0163ia anti-imigra\u0163ie a lui Orban \u015fi opozi\u0163ia fa\u0163\u0103 de \u00eenarmarea Ucrainei.<\/p>\n<p>Vizita reprezint\u0103 un moment decisiv pentru AfD, un partid format \u00een urm\u0103 cu numai 11 ani, dar care se afl\u0103 deja pe locul al doilea \u00een sondaje, dup\u0103 conservatori, \u00een perspectiva votului na\u0163ional din 23 februarie. P\u00e2n\u0103 acum, partidul a fost evitat de liderii europeni, chiar \u015fi al\u0163i lideri de extrem\u0103 dreapta, precum Marine Le Pen din Fran\u0163a, p\u0103str\u00e2nd o distan\u0163\u0103 prudent\u0103.<\/p>\n<p>\u201eAm fost prudent cu AfD\u201d, a recunoscut \u015fi Viktor Orban, explic\u00e2nd c\u0103 nu a vrut s\u0103 ri\u015fte s\u0103 otr\u0103veasc\u0103 rela\u0163iile cu guvernele germane. \u201eDar asta se schimb\u0103 \u015fi este destul de clar c\u0103 AfD este viitorul\u201d, a spus el.<\/p>\n<p>AfD are o sus\u0163inere de aproximativ 20% \u00een sondaje, dar este pu\u0163in probabil s\u0103 guverneze dup\u0103 urm\u0103toarele alegeri: toate partidele s-au angajat s\u0103 nu colaboreze cu un partid despre care propriul monitor al serviciilor de securitate germane spune c\u0103 este o poten\u0163ial\u0103 amenin\u0163are extremist\u0103.<\/p>\n<p>Dar invita\u0163ia adresat\u0103 lui Weidel, care vine la scurt timp dup\u0103 ce un alt aliat ideologic, Donald Trump, a revenit la Casa Alb\u0103, subliniaz\u0103 modul \u00een care partidul nu mai este f\u0103r\u0103 prieteni \u00een str\u0103in\u0103tate. Elon Musk, colaboratorul apropiat al lui Donald Trump, \u015fi-a declarat deschis sus\u0163inerea fa\u0163\u0103 de AfD.<\/p>\n<p>Miercuri, Weidel \u015fi Orban \u015fi-au reluat reciproc limbajul pe mai multe teme-cheie, inclusiv opozi\u0163ia lor fa\u0163\u0103 de \u00eenarmarea Ucrainei, ca sprijin pentru \u201epace\u201d, \u00een timp ce Orban a declarat c\u0103 AfD va ajuta \u00eentr-o bun\u0103 zi Ungaria s\u0103 scape de cererile Germaniei \u015fi Bruxelles-ului de a primi migran\u0163i.<\/p>\n<p>\u201eP\u00e2n\u0103 acum aveam dou\u0103 cizme pe piept: progresi\u015ftii de la Bruxelles \u015fi administra\u0163ia liberal\u0103 american\u0103\u201d, a spus Orban. \u201eUna a fost ridicat\u0103\u201d, a punctat el.<\/p>","protected":false},"excerpt":{"rendered":"<p>Alice Weidel, liderul AfD, a l\u0103udat la r\u00e2ndul s\u0103u Ungaria, care import\u0103 gaz rusesc, pentru&hellip;<\/p>\n","protected":false},"author":0,"featured_media":31387,"comment_status":"open","ping_status":"open","sticky":false,"template":"","format":"standard","meta":{"footnotes":""},"categories":[2],"tags":[],"class_list":["post-31397","post","type-post","status-publish","format-standard","has-post-thumbnail","hentry","category-actual"],"_links":{"self":[{"href":"https:\/\/247stiri.ro\/index.php\/wp-json\/wp\/v2\/posts\/31397","targetHints":{"allow":["GET"]}}],"collection":[{"href":"https:\/\/247stiri.ro\/index.php\/wp-json\/wp\/v2\/posts"}],"about":[{"href":"https:\/\/247stiri.ro\/index.php\/wp-json\/wp\/v2\/types\/post"}],"replies":[{"embeddable":true,"href":"https:\/\/247stiri.ro\/index.php\/wp-json\/wp\/v2\/comments?post=31397"}],"version-history":[{"count":0,"href":"https:\/\/247stiri.ro\/index.php\/wp-json\/wp\/v2\/posts\/31397\/revisions"}],"wp:featuredmedia":[{"embeddable":true,"href":"https:\/\/247stiri.ro\/index.php\/wp-json\/wp\/v2\/media\/31387"}],"wp:attachment":[{"href":"https:\/\/247stiri.ro\/index.php\/wp-json\/wp\/v2\/media?parent=31397"}],"wp:term":[{"taxonomy":"category","embeddable":true,"href":"https:\/\/247stiri.ro\/index.php\/wp-json\/wp\/v2\/categories?post=31397"},{"taxonomy":"post_tag","embeddable":true,"href":"https:\/\/247stiri.ro\/index.php\/wp-json\/wp\/v2\/tags?post=31397"}],"curies":[{"name":"wp","href":"https:\/\/api.w.org\/{rel}","templated":true}]}}