{"id":31400,"date":"2025-02-13T10:47:36","date_gmt":"2025-02-13T10:47:36","guid":{"rendered":"https:\/\/247stiri.ro\/index.php\/2025\/02\/13\/a-ajuns-inapoi-in-spital-la-scurt-timp-dupa-ce-s-a-externat-povestea-halucinanta-a-unui-barbat-din-hunedoara-ce-s-a-intamplat\/"},"modified":"2025-02-13T10:47:36","modified_gmt":"2025-02-13T10:47:36","slug":"a-ajuns-inapoi-in-spital-la-scurt-timp-dupa-ce-s-a-externat-povestea-halucinanta-a-unui-barbat-din-hunedoara-ce-s-a-intamplat","status":"publish","type":"post","link":"https:\/\/247stiri.ro\/index.php\/2025\/02\/13\/a-ajuns-inapoi-in-spital-la-scurt-timp-dupa-ce-s-a-externat-povestea-halucinanta-a-unui-barbat-din-hunedoara-ce-s-a-intamplat\/","title":{"rendered":"A ajuns \u00eenapoi \u00een spital la scurt timp dup\u0103 ce s-a externat! Povestea halucinant\u0103 a unui b\u0103rbat din Hunedoara: ce s-a \u00eent\u00e2mplat"},"content":{"rendered":"<p>\u201dUn b\u0103rbat \u00een v\u00e2rst\u0103 de 35 de ani, din ora\u015ful Abrud, a fost salvat noaptea trecut\u0103 de poli\u0163i\u015ftii Sta\u0163iunii Geoagiu, dup\u0103 ce a fost g\u0103sit pe raza satului Gelmar, \u00een jurul orei 01:30, \u00een pericol de a suferi un \u015foc hipotermic (temperatura fiind negativ\u0103). Echipajul de interven\u0163ia care patrula \u00een zon\u0103 a observat c\u0103 b\u0103rbatul se deplasa pe jos \u015fi p\u0103rea dezorientat. \u00centrebat despre prezen\u0163a sa la acea or\u0103 t\u00e2rzie, acesta a explicat c\u0103 fusese externat dintr-un spital din Alba Iulia \u015fi \u00eencerca s\u0103 ajung\u0103 acas\u0103, \u00eens\u0103 s-a r\u0103t\u0103cit pe drum\u201d, a transmis, joi, IPJ Hunedoara.<\/p>\n<p>Poli\u0163i\u015ftii i-au oferit ajutor imediat \u015fi au solicitat o Ambulan\u0163\u0103, \u00eentruc\u00e2t b\u0103rbatul prezenta semne de hipotermie din cauza temperaturii sc\u0103zute. Victima a fst trasportat\u0103 la UPU Or\u0103\u015ftie.<\/p>\n<p>\u201dPoli\u0163i\u015ftii s-au asigurat c\u0103 b\u0103rbatul se afl\u0103 \u00een afara oric\u0103rui pericol, dup\u0103 care au \u00a0luat leg\u0103tura cu Poli\u0163ia Ora\u015fului Abrud, \u00een vederea inform\u0103rii apar\u0163in\u0103torilor b\u0103rbatului cu privire la g\u0103sirea acestuia. Poli\u0163i\u015ftii le recomand\u0103 cet\u0103\u0163enilor s\u0103 evite deplas\u0103rile lungi pe jos, mai ales pe timp de noapte \u015fi \u00een condi\u0163iile unor temperaturi sc\u0103zute, \u015fi s\u0103 solicite ajutor dac\u0103 se afl\u0103 \u00een dificultate\u201d, a mai transmis sursa citat\u0103.<\/p>","protected":false},"excerpt":{"rendered":"<p>\u201dUn b\u0103rbat \u00een v\u00e2rst\u0103 de 35 de ani, din ora\u015ful Abrud, a fost salvat noaptea&hellip;<\/p>\n","protected":false},"author":0,"featured_media":31401,"comment_status":"open","ping_status":"open","sticky":false,"template":"","format":"standard","meta":{"footnotes":""},"categories":[2],"tags":[],"class_list":["post-31400","post","type-post","status-publish","format-standard","has-post-thumbnail","hentry","category-actual"],"_links":{"self":[{"href":"https:\/\/247stiri.ro\/index.php\/wp-json\/wp\/v2\/posts\/31400","targetHints":{"allow":["GET"]}}],"collection":[{"href":"https:\/\/247stiri.ro\/index.php\/wp-json\/wp\/v2\/posts"}],"about":[{"href":"https:\/\/247stiri.ro\/index.php\/wp-json\/wp\/v2\/types\/post"}],"replies":[{"embeddable":true,"href":"https:\/\/247stiri.ro\/index.php\/wp-json\/wp\/v2\/comments?post=31400"}],"version-history":[{"count":0,"href":"https:\/\/247stiri.ro\/index.php\/wp-json\/wp\/v2\/posts\/31400\/revisions"}],"wp:featuredmedia":[{"embeddable":true,"href":"https:\/\/247stiri.ro\/index.php\/wp-json\/wp\/v2\/media\/31401"}],"wp:attachment":[{"href":"https:\/\/247stiri.ro\/index.php\/wp-json\/wp\/v2\/media?parent=31400"}],"wp:term":[{"taxonomy":"category","embeddable":true,"href":"https:\/\/247stiri.ro\/index.php\/wp-json\/wp\/v2\/categories?post=31400"},{"taxonomy":"post_tag","embeddable":true,"href":"https:\/\/247stiri.ro\/index.php\/wp-json\/wp\/v2\/tags?post=31400"}],"curies":[{"name":"wp","href":"https:\/\/api.w.org\/{rel}","templated":true}]}}