{"id":31402,"date":"2025-02-13T10:47:37","date_gmt":"2025-02-13T10:47:37","guid":{"rendered":"https:\/\/247stiri.ro\/index.php\/2025\/02\/13\/prima-expozitie-brancusi-va-putea-fi-vizitata-in-parcul-arheologic-al-colosseumului-din-roma\/"},"modified":"2025-02-13T10:47:37","modified_gmt":"2025-02-13T10:47:37","slug":"prima-expozitie-brancusi-va-putea-fi-vizitata-in-parcul-arheologic-al-colosseumului-din-roma","status":"publish","type":"post","link":"https:\/\/247stiri.ro\/index.php\/2025\/02\/13\/prima-expozitie-brancusi-va-putea-fi-vizitata-in-parcul-arheologic-al-colosseumului-din-roma\/","title":{"rendered":"Prima expozi\u0163ie Br\u00e2ncu\u015fi va putea fi vizitat\u0103 \u00een Parcul Arheologic al Colosseumului din Roma"},"content":{"rendered":"<p>&#8222;Am inaugurat, al\u0103turi de directorul general al Parcului Arheologic al Colosseumului Alfonsina Russo \u015fi deputatul Federico Mollicone, pre\u015fedintele Comisiei pentru Cultur\u0103, \u015etiin\u0163\u0103 \u015fi \u00cenv\u0103\u0163\u0103m\u00e2nt din Camera Deputa\u0163ilor, prima expozi\u0163ie #Br\u00e2ncu\u015fi \u00een Cetatea Etern\u0103, \u00een fascinantele spa\u0163ii Uccelliere Farnesiane din Parcul Arheologic al Colosseumului&#8221;, a anun\u0163at Gabriela Danc\u0103u, ambasadorul Rom\u00e2niei \u00een Italia.<\/p>\n<p>&#8222;Sunt profund recunosc\u0103toare prietenei mele, Alfonsina Russo, directorul general al Parcului Arheologic al Colosseumului, care a transformat \u00een realitate visul pe care l-am avut \u00eenc\u0103 de la \u00eenceputul mandatului meu la Roma, acela de a celebra crea\u0163ia lui Br\u00e2ncu\u015fi \u00een inima culturii europene, aici, la Roma&#8221;, a scris pe Facebook diplomatul.<\/p>\n<p>&#8222;Pentru mine, aceast\u0103 expozi\u0163ie nu este doar un omagiu adus unui mare artist rom\u00e2n \u00een apropierea zilei sale de na\u015ftere, 19 februarie, ci \u015fi un gest de suflet, prin care istoria, cultura \u015fi identitatea noastr\u0103 se \u00eent\u00e2lnesc cu Roma, \u00eentr-un dialog al frumuse\u0163ii \u015fi inspira\u0163iei.<\/p>\n<p>V\u0103 invit s\u0103 vizita\u0163i Uccelliere Farnesiane din Parcul Arheologic al Colosseumului \u015fi s\u0103 descoperi\u0163i aceast\u0103 expozi\u0163ie, poveste a zborului \u015fi a crea\u0163iei, l\u0103s\u00e2ndu-v\u0103 purta\u0163i de arta unui om care a \u015ftiut s\u0103 sculpteze esen\u0163a umanit\u0103\u0163ii. Br\u00e2ncu\u015fi ne arat\u0103 c\u0103 limita dintre cer \u015fi p\u0103m\u00e2nt exist\u0103 doar pentru a ne inspira s\u0103 o dep\u0103\u015fim&#8221;, a mai spus aceasta.<\/p>\n<p>Expozi\u0163ia este structurat\u0103 \u00een dou\u0103 sec\u0163iuni: prima reune\u015fte o selec\u0163ie a sculpturilor binecunoscute ale lui Br\u00e2ncu\u015fi, \u00een timp ce a doua exploreaz\u0103 opera sa fotografic\u0103 \u015fi cinematografic\u0103, instrumente prin care artistul a investigat poten\u0163ialul expresiv al sculpturii.<\/p>\n<p>Tema central\u0103 este bestiarul p\u0103s\u0103rilor, un motiv recurent \u00een opera artistului, pe care \u00eel declin\u0103 \u00een diferite versiuni de-a lungul vie\u0163ii \u015fi care simbolizeaz\u0103 zborul, visul omului de a evada din condi\u0163ia sa terestr\u0103, \u00eentr-o ascensiune spre infinit.<\/p>\n<p>Printre lucr\u0103rile din expozi\u0163ie se remarc\u0103 &#8222;Le Coq&#8221;, 1935, &#8222;L&#8217;Oiselet&#8221;, 1928, \u015fi &#8222;Leda&#8221; (cca. 1920-1926), toate provenind de la Centre National d&#8217;art et de la culture Georges Pompidou din Paris.<\/p>\n<p>A doua sec\u0163iune a expozi\u0163iei este dedicat\u0103 experimentelor fotografice \u015fi cinematografice ale lui Br\u00e2ncu\u015fi. \u00cen anii 1920 \u015fi 1930, Br\u00e2ncu\u015fi a apelat la fotografie \u015fi film pentru a spori calit\u0103\u0163ile plastice ale sculpturilor sale, precum \u015fi pentru a le documenta.<\/p>\n<p>Al\u0103turi de sculpturile lui Br\u00e2ncu\u015fi, expozi\u0163ia prezint\u0103 o selec\u0163ie de sculpturi antice de la Muzeul Na\u0163ional Roman, Muzeul Na\u0163ional Arheologic din Vene\u0163ia \u015fi Muzeul Na\u0163ional Etrusc din Villa Giulia.\u00a0<\/p>","protected":false},"excerpt":{"rendered":"<p>&#8222;Am inaugurat, al\u0103turi de directorul general al Parcului Arheologic al Colosseumului Alfonsina Russo \u015fi deputatul&hellip;<\/p>\n","protected":false},"author":0,"featured_media":31403,"comment_status":"open","ping_status":"open","sticky":false,"template":"","format":"standard","meta":{"footnotes":""},"categories":[2],"tags":[],"class_list":["post-31402","post","type-post","status-publish","format-standard","has-post-thumbnail","hentry","category-actual"],"_links":{"self":[{"href":"https:\/\/247stiri.ro\/index.php\/wp-json\/wp\/v2\/posts\/31402","targetHints":{"allow":["GET"]}}],"collection":[{"href":"https:\/\/247stiri.ro\/index.php\/wp-json\/wp\/v2\/posts"}],"about":[{"href":"https:\/\/247stiri.ro\/index.php\/wp-json\/wp\/v2\/types\/post"}],"replies":[{"embeddable":true,"href":"https:\/\/247stiri.ro\/index.php\/wp-json\/wp\/v2\/comments?post=31402"}],"version-history":[{"count":0,"href":"https:\/\/247stiri.ro\/index.php\/wp-json\/wp\/v2\/posts\/31402\/revisions"}],"wp:featuredmedia":[{"embeddable":true,"href":"https:\/\/247stiri.ro\/index.php\/wp-json\/wp\/v2\/media\/31403"}],"wp:attachment":[{"href":"https:\/\/247stiri.ro\/index.php\/wp-json\/wp\/v2\/media?parent=31402"}],"wp:term":[{"taxonomy":"category","embeddable":true,"href":"https:\/\/247stiri.ro\/index.php\/wp-json\/wp\/v2\/categories?post=31402"},{"taxonomy":"post_tag","embeddable":true,"href":"https:\/\/247stiri.ro\/index.php\/wp-json\/wp\/v2\/tags?post=31402"}],"curies":[{"name":"wp","href":"https:\/\/api.w.org\/{rel}","templated":true}]}}