{"id":31414,"date":"2025-02-13T11:45:14","date_gmt":"2025-02-13T11:45:14","guid":{"rendered":"https:\/\/247stiri.ro\/index.php\/2025\/02\/13\/nicolae-vlahu-aur-predoiu-transforma-romania-intr-un-stat-politienesc\/"},"modified":"2025-02-13T11:45:14","modified_gmt":"2025-02-13T11:45:14","slug":"nicolae-vlahu-aur-predoiu-transforma-romania-intr-un-stat-politienesc","status":"publish","type":"post","link":"https:\/\/247stiri.ro\/index.php\/2025\/02\/13\/nicolae-vlahu-aur-predoiu-transforma-romania-intr-un-stat-politienesc\/","title":{"rendered":"Nicolae Vlahu (AUR): Predoiu transform\u0103 Rom\u00e2nia \u00eentr-un stat poli\u021bienesc!"},"content":{"rendered":"<p>Senatorul AUR atrage aten\u021bia asupra faptului c\u0103 &#8222;\u00een regimul PNL-PSD, libertatea de exprimare devine un lux, iar cenzura pe re\u021belele de socializare este tot mai impus\u0103 de sistem&#8221;.<\/p>\n<p>Vlahu sus\u021bine, totodat\u0103, c\u0103 &#8222;rom\u00e2nii care nu c\u00e2nt\u0103 \u00een strun\u0103 Guvernului sunt s\u0103lta\u021bi din propriile case, iar cei care protesteaz\u0103 pa\u0219nic sunt aresta\u021bi preventiv&#8221;.<\/p>\n<p>&#8222;Ca urmare a informa\u021biilor ap\u0103rute \u00een spa\u021biul public, \u00een calitate de pre\u0219edinte al Comisiei pentru cercetarea abuzurilor, combaterea corup\u021biei \u0219i peti\u021bii din cadrul Senatului Rom\u00e2niei, m\u0103 autosesizez \u0219i \u00eel chem pe ministrul C\u0103t\u0103lin Predoiu s\u0103 explice de ce folose\u0219te institu\u021biile statului \u00een interes personal \u0219i de ce trimite masca\u021bii peste rom\u00e2nii care fac glume despre el!\u00a0<\/p>\n<p>AUR condamn\u0103 ferm aceste abuzuri, care ne \u00eentorc \u00een perioada comunist\u0103, atunci c\u00e2nd rom\u00e2nii erau cenzura\u021bi \u0219i controla\u021bi de institu\u021biile statului. Libertatea de exprimare nu este un privilegiu oferit de politicieni \u2013 este un drept fundamental prev\u0103zut de Constitu\u021bie, pe care \u00eel vom ap\u0103ra p\u00e2n\u0103 la cap\u0103t!&#8221;, mai transmite parlamentarul, \u00eentr-un comunicat.\u00a0<\/p>\n<p>\u00a0<\/p>","protected":false},"excerpt":{"rendered":"<p>Senatorul AUR atrage aten\u021bia asupra faptului c\u0103 &#8222;\u00een regimul PNL-PSD, libertatea de exprimare devine un&hellip;<\/p>\n","protected":false},"author":0,"featured_media":31415,"comment_status":"open","ping_status":"open","sticky":false,"template":"","format":"standard","meta":{"footnotes":""},"categories":[3],"tags":[],"class_list":["post-31414","post","type-post","status-publish","format-standard","has-post-thumbnail","hentry","category-politica"],"_links":{"self":[{"href":"https:\/\/247stiri.ro\/index.php\/wp-json\/wp\/v2\/posts\/31414","targetHints":{"allow":["GET"]}}],"collection":[{"href":"https:\/\/247stiri.ro\/index.php\/wp-json\/wp\/v2\/posts"}],"about":[{"href":"https:\/\/247stiri.ro\/index.php\/wp-json\/wp\/v2\/types\/post"}],"replies":[{"embeddable":true,"href":"https:\/\/247stiri.ro\/index.php\/wp-json\/wp\/v2\/comments?post=31414"}],"version-history":[{"count":0,"href":"https:\/\/247stiri.ro\/index.php\/wp-json\/wp\/v2\/posts\/31414\/revisions"}],"wp:featuredmedia":[{"embeddable":true,"href":"https:\/\/247stiri.ro\/index.php\/wp-json\/wp\/v2\/media\/31415"}],"wp:attachment":[{"href":"https:\/\/247stiri.ro\/index.php\/wp-json\/wp\/v2\/media?parent=31414"}],"wp:term":[{"taxonomy":"category","embeddable":true,"href":"https:\/\/247stiri.ro\/index.php\/wp-json\/wp\/v2\/categories?post=31414"},{"taxonomy":"post_tag","embeddable":true,"href":"https:\/\/247stiri.ro\/index.php\/wp-json\/wp\/v2\/tags?post=31414"}],"curies":[{"name":"wp","href":"https:\/\/api.w.org\/{rel}","templated":true}]}}