{"id":31420,"date":"2025-02-13T11:45:16","date_gmt":"2025-02-13T11:45:16","guid":{"rendered":"https:\/\/247stiri.ro\/index.php\/2025\/02\/13\/marian-vanghelie-dezvaluiri-bomba-din-interiorul-statului-paralel-a-depus-o-plangere-la-parchetul-general\/"},"modified":"2025-02-13T11:45:16","modified_gmt":"2025-02-13T11:45:16","slug":"marian-vanghelie-dezvaluiri-bomba-din-interiorul-statului-paralel-a-depus-o-plangere-la-parchetul-general","status":"publish","type":"post","link":"https:\/\/247stiri.ro\/index.php\/2025\/02\/13\/marian-vanghelie-dezvaluiri-bomba-din-interiorul-statului-paralel-a-depus-o-plangere-la-parchetul-general\/","title":{"rendered":"Marian Vanghelie, dezv\u0103luiri bomb\u0103 din interiorul statului paralel. A depus o pl\u00e2ngere la Parchetul General"},"content":{"rendered":"<p>\u201eAm mai multe documente. Azi am depus la Parchetul General, la DNA \u0219i DIICOT o pl\u00e2ngere penal\u0103 \u00een care explic\u0103m ce s-a \u00eent\u00e2mplat \u00een decizia CRR de anulare a alegerilor preziden\u021biale. Pentru c\u0103 sunt infrac\u021biuni diferite. Aici am pl\u00e2ngerile penale c\u0103tre cei nou\u0103 judec\u0103tori de la CCR care au \u00eenc\u0103lcat Constitu\u021bia Rom\u00e2niei la comanda unor oameni lega\u021bi \u0219i implica\u021bi cu statul paralel. E foarte scurt \u2013 Iohannis are patru judec\u0103tori la CCR, iar ace\u0219tia au votat ca s\u0103 opreasc\u0103 alegerile. Au fost pu\u0219i acolo o serie de oameni cu probleme foarte mari. Am documente care justific\u0103. Pe Marian Enache l-a\u0219 \u00eentreba atunci c\u00e2nd a venit de la Chi\u0219in\u0103u, cu ce probleme a venit de acolo. Un general patriot care a avut prestan\u021ba necesar\u0103 nu dea publice probele lui, ne-a spus ce s-a \u00eent\u00e2mplat \u0219i de ce a fugit din func\u021bia de ambasador la Chi\u0219in\u0103u domnul Marian Enache. Doamne Stanciu Livia are \u0219i ea probleme. \u0218tim de ce au fost for\u021ba\u021bi s\u0103 voteze ace\u0219ti oameni. Reprezentantul UDMR \u0219tie c\u0103 statul este informat bine despre \u00eenc\u0103lc\u0103rile lui la adresa statului rom\u00e2n. Vreau s\u0103 fiu chemat la Parchet \u00een calitate de denun\u021b\u0103tor \u0219i s\u0103 depun documentele cu problemele cu care se confrunt\u0103 ace\u0219ti oameni. Ni\u0219te magistra\u021bi s\u0103 verifice pe al\u021bii care au f\u0103cut tr\u0103dare de \u021bar\u0103. Trebuie s\u0103 revenim la turul 2. Am depus aceste denun\u021buri \u0219i c\u00e2nd au scos-o pe \u0218o\u0219oac\u0103. \u0218i ea este un rom\u00e2n care are dreptul s\u0103 candideze. CCR nu trebuie s\u0103 \u00ee\u0219i permit\u0103 s\u0103 blocheze oameni\u201d, a declarat Marian Vanghelie.<\/p>","protected":false},"excerpt":{"rendered":"<p>\u201eAm mai multe documente. Azi am depus la Parchetul General, la DNA \u0219i DIICOT o&hellip;<\/p>\n","protected":false},"author":0,"featured_media":31413,"comment_status":"open","ping_status":"open","sticky":false,"template":"","format":"standard","meta":{"footnotes":""},"categories":[2],"tags":[],"class_list":["post-31420","post","type-post","status-publish","format-standard","has-post-thumbnail","hentry","category-actual"],"_links":{"self":[{"href":"https:\/\/247stiri.ro\/index.php\/wp-json\/wp\/v2\/posts\/31420","targetHints":{"allow":["GET"]}}],"collection":[{"href":"https:\/\/247stiri.ro\/index.php\/wp-json\/wp\/v2\/posts"}],"about":[{"href":"https:\/\/247stiri.ro\/index.php\/wp-json\/wp\/v2\/types\/post"}],"replies":[{"embeddable":true,"href":"https:\/\/247stiri.ro\/index.php\/wp-json\/wp\/v2\/comments?post=31420"}],"version-history":[{"count":0,"href":"https:\/\/247stiri.ro\/index.php\/wp-json\/wp\/v2\/posts\/31420\/revisions"}],"wp:featuredmedia":[{"embeddable":true,"href":"https:\/\/247stiri.ro\/index.php\/wp-json\/wp\/v2\/media\/31413"}],"wp:attachment":[{"href":"https:\/\/247stiri.ro\/index.php\/wp-json\/wp\/v2\/media?parent=31420"}],"wp:term":[{"taxonomy":"category","embeddable":true,"href":"https:\/\/247stiri.ro\/index.php\/wp-json\/wp\/v2\/categories?post=31420"},{"taxonomy":"post_tag","embeddable":true,"href":"https:\/\/247stiri.ro\/index.php\/wp-json\/wp\/v2\/tags?post=31420"}],"curies":[{"name":"wp","href":"https:\/\/api.w.org\/{rel}","templated":true}]}}